{"id":18129,"date":"2021-11-24T13:29:31","date_gmt":"2021-11-24T13:29:31","guid":{"rendered":"https:\/\/extension.unvm.edu.ar\/?p=18129"},"modified":"2021-11-24T13:29:31","modified_gmt":"2021-11-24T13:29:31","slug":"puenco-se-realizo-la-jornada-a-campus-traviesos","status":"publish","type":"post","link":"https:\/\/extension.unvm.edu.ar\/?p=18129","title":{"rendered":"PUEnCO: Se realiz\u00f3 la jornada \u201cA Campus Traviesos\u201d"},"content":{"rendered":"<div align=\"justify\">\n<p><em><span style=\"font-weight: 400;\">Se llevaron a cabo distintas actividades con m\u00e1s de 60 ni\u00f1as\/os y adolescentes de distintas organizaciones de la ciudad, con el fin de conocer la UNVM.<\/span><\/em><\/p>\n<p><span style=\"font-weight: 400;\">Desde el Programa Universitario de Extensi\u00f3n en Comunidad (PUEnCO) perteneciente al Instituto de Extensi\u00f3n de la Universidad Nacional Villa Mar\u00eda (UNVM), se realiz\u00f3 una Jornada educativa recreativa denominada \u00abA Campus Traviesos\u201d, el pasado s\u00e1bado 20, en el campus universitario.<\/span><\/p>\n<p><span style=\"font-weight: 400;\">Durante la tarde, se llevaron a cabo diversas postas y actividades para que las\/os ni\u00f1as\/os y adolescentes pudieran conocer los espacios de la universidad, entre ellos el comedor, el Plat\u00f3 de la carrera de Dise\u00f1o y Producci\u00f3n Audiovisual, el Teatrino de la carrera de Composici\u00f3n Musical con orientaci\u00f3n en M\u00fasica Popular, el patio de los institutos y la Biblioteca.<\/span><\/p>\n<p><span style=\"font-weight: 400;\">Participaron m\u00e1s de 60 ni\u00f1as y ni\u00f1os de organizaciones como FONBEC, Nuevas Oportunidades, las Escuelas ProA UNVM y UTN, la Academi de Danza Ateneo Folcl\u00f3rico, el Centro de Fortalecimiento Arturo Illia y el Coro de Ni\u00f1os y Ni\u00f1as de la UNVM. Al finalizar el encuentro, jugaron y bailaron con \u201cBanda Itinerante\u201d en vivo.<\/span><\/p>\n<p><span style=\"font-weight: 400;\">Cabe mencionar que, a trav\u00e9s de PUEnCo, se aborda la problem\u00e1tica socioeducativa, contribuyendo a la poblaci\u00f3n de ni\u00f1as\/os y adolescentes de la ciudad de Villa Mar\u00eda y la regi\u00f3n. Apostando a que dicha poblaci\u00f3n pueda acceder a capacitaciones en herramientas tecnol\u00f3gicas, socio comunitarias y de cuidado de la salud.<\/span><\/p>\n<\/div>\n","protected":false},"excerpt":{"rendered":"<p>Se llevaron a cabo distintas actividades con m\u00e1s de 60 ni\u00f1as\/os y adolescentes de distintas organizaciones de la ciudad, con el fin de conocer la UNVM. Desde el Programa Universitario de Extensi\u00f3n en Comunidad (PUEnCO) perteneciente al Instituto de Extensi\u00f3n de la Universidad Nacional Villa Mar\u00eda (UNVM), se realiz\u00f3 una Jornada educativa recreativa denominada \u00abA [&hellip;]<\/p>\n","protected":false},"author":12,"featured_media":18138,"comment_status":"closed","ping_status":"closed","sticky":false,"template":"","format":"standard","meta":{"_exactmetrics_skip_tracking":false,"_exactmetrics_sitenote_active":false,"_exactmetrics_sitenote_note":"","_exactmetrics_sitenote_category":0,"footnotes":""},"categories":[2],"tags":[],"class_list":["post-18129","post","type-post","status-publish","format-standard","has-post-thumbnail","hentry","category-novedades"],"_links":{"self":[{"href":"https:\/\/extension.unvm.edu.ar\/index.php?rest_route=\/wp\/v2\/posts\/18129"}],"collection":[{"href":"https:\/\/extension.unvm.edu.ar\/index.php?rest_route=\/wp\/v2\/posts"}],"about":[{"href":"https:\/\/extension.unvm.edu.ar\/index.php?rest_route=\/wp\/v2\/types\/post"}],"author":[{"embeddable":true,"href":"https:\/\/extension.unvm.edu.ar\/index.php?rest_route=\/wp\/v2\/users\/12"}],"replies":[{"embeddable":true,"href":"https:\/\/extension.unvm.edu.ar\/index.php?rest_route=%2Fwp%2Fv2%2Fcomments&post=18129"}],"version-history":[{"count":6,"href":"https:\/\/extension.unvm.edu.ar\/index.php?rest_route=\/wp\/v2\/posts\/18129\/revisions"}],"predecessor-version":[{"id":18147,"href":"https:\/\/extension.unvm.edu.ar\/index.php?rest_route=\/wp\/v2\/posts\/18129\/revisions\/18147"}],"wp:featuredmedia":[{"embeddable":true,"href":"https:\/\/extension.unvm.edu.ar\/index.php?rest_route=\/wp\/v2\/media\/18138"}],"wp:attachment":[{"href":"https:\/\/extension.unvm.edu.ar\/index.php?rest_route=%2Fwp%2Fv2%2Fmedia&parent=18129"}],"wp:term":[{"taxonomy":"category","embeddable":true,"href":"https:\/\/extension.unvm.edu.ar\/index.php?rest_route=%2Fwp%2Fv2%2Fcategories&post=18129"},{"taxonomy":"post_tag","embeddable":true,"href":"https:\/\/extension.unvm.edu.ar\/index.php?rest_route=%2Fwp%2Fv2%2Ftags&post=18129"}],"curies":[{"name":"wp","href":"https:\/\/api.w.org\/{rel}","templated":true}]}}