{"id":17633,"date":"2021-10-20T14:34:10","date_gmt":"2021-10-20T14:34:10","guid":{"rendered":"https:\/\/extension.unvm.edu.ar\/?p=17633"},"modified":"2022-05-17T17:39:34","modified_gmt":"2022-05-17T17:39:34","slug":"se-dialogara-con-artistas-que-comenzaron-su-carrera-en-contexto-de-encierro-2","status":"publish","type":"post","link":"https:\/\/extension.unvm.edu.ar\/?p=17633","title":{"rendered":"Se dialogar\u00e1 con artistas que comenzaron su carrera en contexto de encierro"},"content":{"rendered":"<div align=\"justify\">\n<p><em><span style=\"font-weight: 400;\">El proyecto de extensi\u00f3n \u201cTrascender el encierro: narrativas art\u00edsticas en \u00e9poca de pandemia\u201d, realizar\u00e1 un ciclo de conversatorio virtual el pr\u00f3ximo martes 26 de octubre, a las 18 hs.<\/span><\/em><\/p>\n<p><span style=\"font-weight: 400;\">\u201cTrascender el encierro: narrativas art\u00edsticas en \u00e9poca de pandemia\u201d es un proyecto de extensi\u00f3n del Instituto de Extensi\u00f3n perteneciente a la Universidad Nacional Villa Mar\u00eda (UNVM) que realizar\u00e1 un Ciclo de Conversatorio con escritores que iniciaron esta actividad en contextos de privaci\u00f3n de la libertad.<\/span><\/p>\n<p><span style=\"font-weight: 400;\">El primer invitado ser\u00e1 C\u00e9sar Gonz\u00e1lez, cineasta, escritor y poeta, el cual tiene tres libros publicados y participa como columnista de varias revistas de alcance nacional como Sudestada y Lobo Suelto. Tendr\u00e1 lugar el pr\u00f3ximo martes 26 de octubre a las 18 hs., v\u00eda streaming.<\/span><\/p>\n<p><span style=\"font-weight: 400;\">Tambi\u00e9n se presentar\u00e1n intervenciones art\u00edsticas basadas en textos escritos por personas privadas de su libertad, los cuales fueron resignificados, en nuevas creaciones musicales, con la participaci\u00f3n de artistas locales de la Uni\u00f3n de M\u00fasicos Villamarienses (UNIMUV) e integrantes del proyecto. El ciclo contin\u00faa el 9 de noviembre, con Liliana Cabrera escritora, fot\u00f3grafa e integrante del colectivo \u201cYo no fui\u201d.<\/span><\/p>\n<p><span style=\"font-weight: 400;\">Esta propuesta, promueve acercar a la comunidad las experiencias subjetivas de la escritura de personas que trascendieron las fronteras de la c\u00e1rcel, alcanzando un reconocimiento p\u00fablico en el \u00e1mbito cultural contempor\u00e1neo de nuestro pa\u00eds.<\/span><\/p>\n<p><span style=\"font-weight: 400;\">En lo que respecta al proyecto, tiene como principal objetivo fortalecer las relaciones entre la universidad y la sociedad, recuperando narrativas art\u00edsticas en contextos de encierro como experiencias transformadoras de identidades en el marco de la pandemia por Covid-19, entre actores de la comunidad universitaria y miembros de la comunidad en general.<\/span><\/p>\n<p><span style=\"font-weight: 400;\">El equipo de trabajo est\u00e1 conformado por la directora, Mariana Aimino, la co-directora Ana Ver\u00f3nica Heredia, los\/as docentes Claudia Ceballos, Daniela Rivarola y Mauro Tymoszczuk, Como estudiantes, Tamara Aballi, Valentina Demarco, Valentina Espa\u00f1\u00f3n, Sabrina Lubrina,\u00a0 Ail\u00edn Melill\u00e1n, Julierta Raspo y Milagros Tavella.<\/span><\/p>\n<p>Inscripci\u00f3n:\u00a0<a href=\"http:\/\/bit.ly\/trascender-el-encierro\">bit.ly\/trascender-el-encierro\u00a0<\/a><\/p>\n<\/div>\n","protected":false},"excerpt":{"rendered":"<p>El proyecto de extensi\u00f3n \u201cTrascender el encierro: narrativas art\u00edsticas en \u00e9poca de pandemia\u201d, realizar\u00e1 un ciclo de conversatorio virtual el pr\u00f3ximo martes 26 de octubre, a las 18 hs. \u201cTrascender el encierro: narrativas art\u00edsticas en \u00e9poca de pandemia\u201d es un proyecto de extensi\u00f3n del Instituto de Extensi\u00f3n perteneciente a la Universidad Nacional Villa Mar\u00eda (UNVM) [&hellip;]<\/p>\n","protected":false},"author":12,"featured_media":17617,"comment_status":"closed","ping_status":"closed","sticky":false,"template":"","format":"standard","meta":{"_exactmetrics_skip_tracking":false,"_exactmetrics_sitenote_active":false,"_exactmetrics_sitenote_note":"","_exactmetrics_sitenote_category":0,"footnotes":""},"categories":[2,35],"tags":[],"class_list":["post-17633","post","type-post","status-publish","format-standard","has-post-thumbnail","hentry","category-novedades","category-proyectos"],"_links":{"self":[{"href":"https:\/\/extension.unvm.edu.ar\/index.php?rest_route=\/wp\/v2\/posts\/17633"}],"collection":[{"href":"https:\/\/extension.unvm.edu.ar\/index.php?rest_route=\/wp\/v2\/posts"}],"about":[{"href":"https:\/\/extension.unvm.edu.ar\/index.php?rest_route=\/wp\/v2\/types\/post"}],"author":[{"embeddable":true,"href":"https:\/\/extension.unvm.edu.ar\/index.php?rest_route=\/wp\/v2\/users\/12"}],"replies":[{"embeddable":true,"href":"https:\/\/extension.unvm.edu.ar\/index.php?rest_route=%2Fwp%2Fv2%2Fcomments&post=17633"}],"version-history":[{"count":9,"href":"https:\/\/extension.unvm.edu.ar\/index.php?rest_route=\/wp\/v2\/posts\/17633\/revisions"}],"predecessor-version":[{"id":20496,"href":"https:\/\/extension.unvm.edu.ar\/index.php?rest_route=\/wp\/v2\/posts\/17633\/revisions\/20496"}],"wp:featuredmedia":[{"embeddable":true,"href":"https:\/\/extension.unvm.edu.ar\/index.php?rest_route=\/wp\/v2\/media\/17617"}],"wp:attachment":[{"href":"https:\/\/extension.unvm.edu.ar\/index.php?rest_route=%2Fwp%2Fv2%2Fmedia&parent=17633"}],"wp:term":[{"taxonomy":"category","embeddable":true,"href":"https:\/\/extension.unvm.edu.ar\/index.php?rest_route=%2Fwp%2Fv2%2Fcategories&post=17633"},{"taxonomy":"post_tag","embeddable":true,"href":"https:\/\/extension.unvm.edu.ar\/index.php?rest_route=%2Fwp%2Fv2%2Ftags&post=17633"}],"curies":[{"name":"wp","href":"https:\/\/api.w.org\/{rel}","templated":true}]}}