{"id":17589,"date":"2021-10-12T18:05:14","date_gmt":"2021-10-12T18:05:14","guid":{"rendered":"https:\/\/extension.unvm.edu.ar\/?p=17589"},"modified":"2021-10-12T18:24:15","modified_gmt":"2021-10-12T18:24:15","slug":"nos-unimos-a-la-campana-de-prevencion-del-cancer-de-mama","status":"publish","type":"post","link":"https:\/\/extension.unvm.edu.ar\/?p=17589","title":{"rendered":"Nos unimos a la campa\u00f1a de prevenci\u00f3n del c\u00e1ncer de mama"},"content":{"rendered":"<div align=\"justify\">\n<p><em><span style=\"font-weight: 400;\">En este mes rosa, LALCEC realizar\u00e1 50 mamograf\u00edas gratuitas a mujeres con y sin cobertura m\u00e9dica, entre los 40 y 70 a\u00f1os. Los lugares destinados ser\u00e1n la Cl\u00ednica de Especialidades y Ben\u00edtez Diagn\u00f3sticos Ecogr\u00e1ficos.<\/span><\/em><\/p>\n<p><span style=\"font-weight: 400;\">La Liga Argentina de Lucha Contra el C\u00e1ncer (LALCEC), Filial Villa Mar\u00eda, invit\u00f3 al Instituto de Extensi\u00f3n de la Universidad Nacional Villa Mar\u00eda (UNVM) a participar de la campa\u00f1a de lucha contra el c\u00e1ncer de mama, que promueve concientizar sobre la importancia de la detecci\u00f3n temprana en el resultado de su curaci\u00f3n.<\/span><\/p>\n<p><span style=\"font-weight: 400;\">Este mes \u201crosa\u201d se realizar\u00e1n 50 mamograf\u00edas gratuitas a mujeres con y sin cobertura m\u00e9dica, entre los 40 y 70 a\u00f1os de edad, de todas las ciudades del Departamento General San Mart\u00edn. Cabe mencionar que los lugares destinados ser\u00e1n la Cl\u00ednica de Especialidades y\u00a0Ben\u00edtez Diagn\u00f3sticos Ecogr\u00e1ficos.<\/span><\/p>\n<p><span style=\"font-weight: 400;\">Haciendo referencia a la instituci\u00f3n en Villa Mar\u00eda, en di\u00e1logo con su presidenta M\u00f3nica Peralta, coment\u00f3 que \u201cla Filial naci\u00f3 en el a\u00f1o 2019 y, debido a la pandemia, no pudieron realizar con normalidad las campa\u00f1as\u201d. El mes pasado, con el apoyo de profesionales de la salud, arrancaron con esta iniciativa.<\/span><\/p>\n<p><span style=\"font-weight: 400;\">\u201cTodas las campa\u00f1as que llevamos adelante tienen como fin concientizar y prevenir sobre los distintos tipos de c\u00e1ncer\u201d, manifest\u00f3 Peralta. Adem\u00e1s, promueven la realizaci\u00f3n de chequeos m\u00e9dicos que permiten su detecci\u00f3n temprana.<\/span><\/p>\n<p><span style=\"font-weight: 400;\">Para la difusi\u00f3n, durante el mes rosa, \u201cpensamos en la Universidad porque es toda una autoridad en la formaci\u00f3n de profesionales de diversos lugares\u201d, afirm\u00f3 la presidenta de LALCEC.<\/span><\/p>\n<p><b>Datos estad\u00edsticos<\/b><\/p>\n<ul>\n<li style=\"font-weight: 400;\" aria-level=\"1\"><span style=\"font-weight: 400;\">1 de cada 8 mujeres desarrolla c\u00e1ncer de mama, por eso es importante su detecci\u00f3n temprana. Para lograrlo es primordial realizarse mamograf\u00edas anuales.<\/span><\/li>\n<li style=\"font-weight: 400;\" aria-level=\"1\"><span style=\"font-weight: 400;\">Entre el 1% y el 2% de los hombres tambi\u00e9n lo padecen, pero se suele detectar m\u00e1s tarde porque desconocen que pueden sufrir esta enfermedad.<\/span><\/li>\n<li style=\"font-weight: 400;\" aria-level=\"1\"><span style=\"font-weight: 400;\">El c\u00e1ncer de mama es una enfermedad que, una vez detectada y tratada en forma temprana, ofrece un nivel de curaci\u00f3n en m\u00e1s de 9 de cada 10 pacientes.<\/span><\/li>\n<\/ul>\n<p><span style=\"font-weight: 400;\">Cabe recordar, que la Liga Argentina de Lucha Contra el C\u00e1ncer (LALCEC) es una organizaci\u00f3n de la Sociedad Civil fundada en 1921 que se desempe\u00f1a en la educaci\u00f3n, prevenci\u00f3n y detecci\u00f3n temprana de la enfermedad.<\/span><\/p>\n<p><span style=\"font-weight: 400;\">Las mujeres que no est\u00e9n asociadas a la instituci\u00f3n, pueden comunicarse al 353-500734 y recibir\u00e1n m\u00e1s informaci\u00f3n al respecto.<\/span><\/p>\n<\/div>\n","protected":false},"excerpt":{"rendered":"<p>En este mes rosa, LALCEC realizar\u00e1 50 mamograf\u00edas gratuitas a mujeres con y sin cobertura m\u00e9dica, entre los 40 y 70 a\u00f1os. Los lugares destinados ser\u00e1n la Cl\u00ednica de Especialidades y Ben\u00edtez Diagn\u00f3sticos Ecogr\u00e1ficos. La Liga Argentina de Lucha Contra el C\u00e1ncer (LALCEC), Filial Villa Mar\u00eda, invit\u00f3 al Instituto de Extensi\u00f3n de la Universidad Nacional [&hellip;]<\/p>\n","protected":false},"author":12,"featured_media":17599,"comment_status":"closed","ping_status":"closed","sticky":false,"template":"","format":"standard","meta":{"_exactmetrics_skip_tracking":false,"_exactmetrics_sitenote_active":false,"_exactmetrics_sitenote_note":"","_exactmetrics_sitenote_category":0,"footnotes":""},"categories":[2],"tags":[],"class_list":["post-17589","post","type-post","status-publish","format-standard","has-post-thumbnail","hentry","category-novedades"],"_links":{"self":[{"href":"https:\/\/extension.unvm.edu.ar\/index.php?rest_route=\/wp\/v2\/posts\/17589"}],"collection":[{"href":"https:\/\/extension.unvm.edu.ar\/index.php?rest_route=\/wp\/v2\/posts"}],"about":[{"href":"https:\/\/extension.unvm.edu.ar\/index.php?rest_route=\/wp\/v2\/types\/post"}],"author":[{"embeddable":true,"href":"https:\/\/extension.unvm.edu.ar\/index.php?rest_route=\/wp\/v2\/users\/12"}],"replies":[{"embeddable":true,"href":"https:\/\/extension.unvm.edu.ar\/index.php?rest_route=%2Fwp%2Fv2%2Fcomments&post=17589"}],"version-history":[{"count":9,"href":"https:\/\/extension.unvm.edu.ar\/index.php?rest_route=\/wp\/v2\/posts\/17589\/revisions"}],"predecessor-version":[{"id":17637,"href":"https:\/\/extension.unvm.edu.ar\/index.php?rest_route=\/wp\/v2\/posts\/17589\/revisions\/17637"}],"wp:featuredmedia":[{"embeddable":true,"href":"https:\/\/extension.unvm.edu.ar\/index.php?rest_route=\/wp\/v2\/media\/17599"}],"wp:attachment":[{"href":"https:\/\/extension.unvm.edu.ar\/index.php?rest_route=%2Fwp%2Fv2%2Fmedia&parent=17589"}],"wp:term":[{"taxonomy":"category","embeddable":true,"href":"https:\/\/extension.unvm.edu.ar\/index.php?rest_route=%2Fwp%2Fv2%2Fcategories&post=17589"},{"taxonomy":"post_tag","embeddable":true,"href":"https:\/\/extension.unvm.edu.ar\/index.php?rest_route=%2Fwp%2Fv2%2Ftags&post=17589"}],"curies":[{"name":"wp","href":"https:\/\/api.w.org\/{rel}","templated":true}]}}