{"id":17030,"date":"2021-07-13T19:06:17","date_gmt":"2021-07-13T19:06:17","guid":{"rendered":"https:\/\/extension.unvm.edu.ar\/?p=17030"},"modified":"2021-07-13T19:06:17","modified_gmt":"2021-07-13T19:06:17","slug":"conversatorio-investigadores-as-genesis-de-nuevas-ebt-globales","status":"publish","type":"post","link":"https:\/\/extension.unvm.edu.ar\/?p=17030","title":{"rendered":"Conversatorio \u00abInvestigadores\/as: g\u00e9nesis de nuevas EBT globales\u00bb"},"content":{"rendered":"<div align=\"justify\">\n<p><em>Ser\u00e1 un espacio \u00fanico dirigido a investigadores\/as, emprendedores\/as de base cient\u00edfico tecnol\u00f3gica e instituciones del ecosistema. Se realizar\u00e1 el pr\u00f3ximo 4 de agosto, a las 18:00 hs., de manera virtual.<\/em><\/p>\n<p>El Instituto de Extensi\u00f3n de la Universidad Nacional Villa Mar\u00eda (UNVM), junto a Aceleradora Litoral, invitan a este espacio \u00fanico dirigido a investigadores\/as, emprendedores\/as de base cient\u00edfico tecnol\u00f3gica e instituciones del ecosistema.<\/p>\n<p>El evento se realizar\u00e1 a trav\u00e9s de plataforma virtual el mi\u00e9rcoles 4 de agosto a las 18:00hs y abrir\u00e1 un debate fundamental que busca desarrollar la cultura emprendedora de nuestro pa\u00eds, d\u00e1ndole al investigador\/a un espacio relevante, desde posibles roles y con distintas opciones, para el desarrollo de nuevas empresas de Base Cient\u00edfico Tecnol\u00f3gica (EBTs) que impulsen el desarrollo sostenible.<\/p>\n<p>Participar\u00e1n de este conversatorio la Directora Centro Cient\u00edfico Tecnol\u00f3gico Patagonia Norte de CONICET,\u00a0 Secretaria de Vinculaci\u00f3n e Innovaci\u00f3n del Instituto Balseiro y Coordinadora de la Comisi\u00f3n Organizadora del Concurso IB50K, Dra. Mar\u00eda Luz Martiarena; el Profesor de la Facultad de Bioqu\u00edmica y Ciencias Biol\u00f3gicas (FBCB) de la Universidad Nacional del Litoral (UNL), Investigador Superior de CONICET, Vicedecano y Consejero Representante del Claustro Profesores, Secretario de Vinculaci\u00f3n con\u00a0 el Medio y Subdirector del Centro Biotecnol\u00f3gico del Litoral (FBCB-UNL), Dr. Ricardo Kratje y el\u00a0Fundador de Keclon SA, empresa l\u00edder de desarrollo de enzimas industriales con 3 patentes argentinas, Director en IPROByQ UNR &amp; CONICET y Profesor de Facultad de Ciencias Bioqu\u00edmicas y Farmac\u00e9uticas, Universidad Nacional de Rosario,\u00a0Dr. Hugo Menzella. El moderador del espacio ser\u00e1 el Rector de la Universidad Nacional del Litoral, Dr. Enrique Mamarella.<\/p>\n<p>Este espacio forma parte de un ciclo de conversaciones destinadas a promover una cultura emprendedora, impulsando negocios basados en ciencia desde Argentina al mundo.<\/p>\n<p>Inscripci\u00f3n libre y gratuita:\u00a0(Cupos limitados).\u00a0<a href=\"http:\/\/www.aceleradoralitoral.com.ar\/investigadores-genesis-de-nuevas-ebt-globales\/\">Ingresa ac\u00e1<\/a><\/p>\n<\/div>\n","protected":false},"excerpt":{"rendered":"<p>Ser\u00e1 un espacio \u00fanico dirigido a investigadores\/as, emprendedores\/as de base cient\u00edfico tecnol\u00f3gica e instituciones del ecosistema. Se realizar\u00e1 el pr\u00f3ximo 4 de agosto, a las 18:00 hs., de manera virtual. El Instituto de Extensi\u00f3n de la Universidad Nacional Villa Mar\u00eda (UNVM), junto a Aceleradora Litoral, invitan a este espacio \u00fanico dirigido a investigadores\/as, emprendedores\/as de [&hellip;]<\/p>\n","protected":false},"author":12,"featured_media":17034,"comment_status":"closed","ping_status":"closed","sticky":false,"template":"","format":"standard","meta":{"_exactmetrics_skip_tracking":false,"_exactmetrics_sitenote_active":false,"_exactmetrics_sitenote_note":"","_exactmetrics_sitenote_category":0,"footnotes":""},"categories":[2],"tags":[],"class_list":["post-17030","post","type-post","status-publish","format-standard","has-post-thumbnail","hentry","category-novedades"],"_links":{"self":[{"href":"https:\/\/extension.unvm.edu.ar\/index.php?rest_route=\/wp\/v2\/posts\/17030"}],"collection":[{"href":"https:\/\/extension.unvm.edu.ar\/index.php?rest_route=\/wp\/v2\/posts"}],"about":[{"href":"https:\/\/extension.unvm.edu.ar\/index.php?rest_route=\/wp\/v2\/types\/post"}],"author":[{"embeddable":true,"href":"https:\/\/extension.unvm.edu.ar\/index.php?rest_route=\/wp\/v2\/users\/12"}],"replies":[{"embeddable":true,"href":"https:\/\/extension.unvm.edu.ar\/index.php?rest_route=%2Fwp%2Fv2%2Fcomments&post=17030"}],"version-history":[{"count":6,"href":"https:\/\/extension.unvm.edu.ar\/index.php?rest_route=\/wp\/v2\/posts\/17030\/revisions"}],"predecessor-version":[{"id":17040,"href":"https:\/\/extension.unvm.edu.ar\/index.php?rest_route=\/wp\/v2\/posts\/17030\/revisions\/17040"}],"wp:featuredmedia":[{"embeddable":true,"href":"https:\/\/extension.unvm.edu.ar\/index.php?rest_route=\/wp\/v2\/media\/17034"}],"wp:attachment":[{"href":"https:\/\/extension.unvm.edu.ar\/index.php?rest_route=%2Fwp%2Fv2%2Fmedia&parent=17030"}],"wp:term":[{"taxonomy":"category","embeddable":true,"href":"https:\/\/extension.unvm.edu.ar\/index.php?rest_route=%2Fwp%2Fv2%2Fcategories&post=17030"},{"taxonomy":"post_tag","embeddable":true,"href":"https:\/\/extension.unvm.edu.ar\/index.php?rest_route=%2Fwp%2Fv2%2Ftags&post=17030"}],"curies":[{"name":"wp","href":"https:\/\/api.w.org\/{rel}","templated":true}]}}