{"id":16537,"date":"2021-04-19T18:36:29","date_gmt":"2021-04-19T18:36:29","guid":{"rendered":"https:\/\/extension.unvm.edu.ar\/?p=16537"},"modified":"2021-04-19T18:50:33","modified_gmt":"2021-04-19T18:50:33","slug":"oir-comenzo-el-relevamiento-urbano-de-animales-domesticos-en-villa-nueva","status":"publish","type":"post","link":"https:\/\/extension.unvm.edu.ar\/?p=16537","title":{"rendered":"OIR: Comenz\u00f3 el relevamiento urbano de animales dom\u00e9sticos en Villa Nueva"},"content":{"rendered":"<div align=\"justify\">\n<p><i>Ser\u00e1 para obtener informaci\u00f3n sobre la tenencia de mascotas en cada hogar, adem\u00e1s de cuantificar la existencia de animales en situaci\u00f3n de calle e identificar problemas que ocasionan los mismos en la v\u00eda p\u00fablica. Ya son 6 los barrios que se est\u00e1n censando.<\/i><\/p>\n<p><span style=\"font-weight: 400;\">A trav\u00e9s del Observatorio Integral de la Regi\u00f3n (OIR) y la Municipalidad de Villa Nueva se llevar\u00e1 a cabo, durante el mes de abril, un Relevamiento Urbano de Animales Dom\u00e9sticos 2021 (RUAD 2021) en la ciudad de Villa Nueva.\u00a0<\/span><\/p>\n<p><span style=\"font-weight: 400;\">En esta oportunidad, el OIR fue el encargado de la realizaci\u00f3n de la encuesta y est\u00e1 realizando la ejecuci\u00f3n de la misma. La primera etapa ya comenz\u00f3, el pasado 15 de abril, en los barrios Residencial Am\u00e9rica, Villa del Parque, Centro, Madre Tr\u00e1nsito Cabanillas, Villa del Rosario y Florida. Luego seguir\u00e1n por 37 barrios m\u00e1s.<\/span><\/p>\n<p><span style=\"font-weight: 400;\">Cabe mencionar que el principal objetivo de la encuesta es obtener informaci\u00f3n detallada sobre la tenencia de animales dom\u00e9sticos en los hogares de Villa Nueva, adem\u00e1s de cuantificar la existencia de animales en situaci\u00f3n de calle, identificar problemas ocasionados tanto por animales callejeros como dom\u00e9sticos en la v\u00eda p\u00fablica, y conocer la opini\u00f3n de los\/as ciudadanos\/as sobre las acciones que podr\u00edan ser implementadas por el municipio.<\/span><\/p>\n<p><span style=\"font-weight: 400;\">En tal sentido, los resultados obtenidos permitir\u00e1n realizar un diagn\u00f3stico profundo, basado en informaci\u00f3n confiable, de la problem\u00e1tica vinculada al cuidado y la tenencia responsable de animales dom\u00e9sticos y, de esta manera, avanzar en el dise\u00f1o de pol\u00edticas p\u00fablicas m\u00e1s eficientes que presten especial atenci\u00f3n a las realidades de cada sector de la ciudad.<\/span><\/p>\n<p><span style=\"font-weight: 400;\">Los\/las encuestados\/as que visitar\u00e1n cerca de 400 hogares, son Giammarini, Guillermo Luj\u00e1n, Schellino Mar\u00eda Luc\u00eda y Aguille, Juan Cruz. Se los puede identificar ingresando al sitio oir.unvm.edu.ar\/ruad2021. Es importante resaltar que no es necesario que el\/la encuestador\/a entre a su vivienda, estar\u00e1n acreditados y respetar\u00e1n todas las medidas sanitarias.<\/span><\/p>\n<p><span style=\"font-weight: 400;\">Por \u00faltimo, se recalca que la informaci\u00f3n que se releve es estrictamente confidencial y s\u00f3lo ser\u00e1 utilizada con fines estad\u00edsticos<\/span><span style=\"font-weight: 400;\">.<\/span><\/p>\n<\/div>\n","protected":false},"excerpt":{"rendered":"<p>Ser\u00e1 para obtener informaci\u00f3n sobre la tenencia de mascotas en cada hogar, adem\u00e1s de cuantificar la existencia de animales en situaci\u00f3n de calle e identificar problemas que ocasionan los mismos en la v\u00eda p\u00fablica. Ya son 6 los barrios que se est\u00e1n censando. A trav\u00e9s del Observatorio Integral de la Regi\u00f3n (OIR) y la Municipalidad [&hellip;]<\/p>\n","protected":false},"author":12,"featured_media":16549,"comment_status":"closed","ping_status":"closed","sticky":false,"template":"","format":"standard","meta":{"_exactmetrics_skip_tracking":false,"_exactmetrics_sitenote_active":false,"_exactmetrics_sitenote_note":"","_exactmetrics_sitenote_category":0,"footnotes":""},"categories":[2],"tags":[],"class_list":["post-16537","post","type-post","status-publish","format-standard","has-post-thumbnail","hentry","category-novedades"],"_links":{"self":[{"href":"https:\/\/extension.unvm.edu.ar\/index.php?rest_route=\/wp\/v2\/posts\/16537"}],"collection":[{"href":"https:\/\/extension.unvm.edu.ar\/index.php?rest_route=\/wp\/v2\/posts"}],"about":[{"href":"https:\/\/extension.unvm.edu.ar\/index.php?rest_route=\/wp\/v2\/types\/post"}],"author":[{"embeddable":true,"href":"https:\/\/extension.unvm.edu.ar\/index.php?rest_route=\/wp\/v2\/users\/12"}],"replies":[{"embeddable":true,"href":"https:\/\/extension.unvm.edu.ar\/index.php?rest_route=%2Fwp%2Fv2%2Fcomments&post=16537"}],"version-history":[{"count":8,"href":"https:\/\/extension.unvm.edu.ar\/index.php?rest_route=\/wp\/v2\/posts\/16537\/revisions"}],"predecessor-version":[{"id":16559,"href":"https:\/\/extension.unvm.edu.ar\/index.php?rest_route=\/wp\/v2\/posts\/16537\/revisions\/16559"}],"wp:featuredmedia":[{"embeddable":true,"href":"https:\/\/extension.unvm.edu.ar\/index.php?rest_route=\/wp\/v2\/media\/16549"}],"wp:attachment":[{"href":"https:\/\/extension.unvm.edu.ar\/index.php?rest_route=%2Fwp%2Fv2%2Fmedia&parent=16537"}],"wp:term":[{"taxonomy":"category","embeddable":true,"href":"https:\/\/extension.unvm.edu.ar\/index.php?rest_route=%2Fwp%2Fv2%2Fcategories&post=16537"},{"taxonomy":"post_tag","embeddable":true,"href":"https:\/\/extension.unvm.edu.ar\/index.php?rest_route=%2Fwp%2Fv2%2Ftags&post=16537"}],"curies":[{"name":"wp","href":"https:\/\/api.w.org\/{rel}","templated":true}]}}