{"id":16525,"date":"2021-04-19T15:54:06","date_gmt":"2021-04-19T15:54:06","guid":{"rendered":"https:\/\/extension.unvm.edu.ar\/?p=16525"},"modified":"2021-10-21T16:07:42","modified_gmt":"2021-10-21T16:07:42","slug":"el-peuam-en-casa-recibio-mas-de-700-inscripciones-para-sus-talleres","status":"publish","type":"post","link":"https:\/\/extension.unvm.edu.ar\/?p=16525","title":{"rendered":"\u201cEl PEUAM en casa\u201d recibi\u00f3 m\u00e1s de 700 inscripciones para sus talleres"},"content":{"rendered":"<div align=\"justify\">\n<p><i><span style=\"font-weight: 400;\">El programa perteneciente al Instituto de Extensi\u00f3n comenz\u00f3 la primera semana de abril con sus actividades y ya suma una gran cantidad de adultos\/as mayores interesados\/as. Los talleres son gratuitos y se dictan a trav\u00e9s de un grupo de Facebook.<\/span><\/i><\/p>\n<p><span style=\"font-weight: 400;\">El Programa de Extensi\u00f3n Universitaria para Adultos Mayores (PEUAM), por segundo a\u00f1o consecutivo est\u00e1 desarrollando sus talleres gratuitos de manera virtual, a trav\u00e9s de la red social Facebook, en un grupo denominado \u201cEl PEUAM en casa\u201d. Hasta la fecha, se recibieron m\u00e1s de 700 inscripciones, sumando, de esta manera, una gran cantidad de adultos\/as mayores que participan de las propuestas que se ofrecen.<\/span><\/p>\n<p><span style=\"font-weight: 400;\">\u00abEs una gran responsabilidad y compromiso generar espacios de capacitaci\u00f3n, encuentros de formaci\u00f3n y recreaci\u00f3n, que acompa\u00f1en y contengan a los\/as adultos\/as mayores en estos tiempos tan complejos de transitar\u00bb, manifest\u00f3 la directora del Instituto de Extensi\u00f3n, lic. Gabriela Redondo.<\/span><\/p>\n<p><span style=\"font-weight: 400;\">En tal sentido, una de las coordinadoras del programa, lic. Ver\u00f3nica Mart\u00ednez, afirm\u00f3 que los talleres virtuales \u00abintentan dar respuesta inmediata pero organizada a todas las personas mayores que asistieron durante los \u00faltimos veinte a\u00f1os al PEUAM de manera presencial\u201d.<\/span><\/p>\n<p><span style=\"font-weight: 400;\">Esta nueva modalidad \u201cpermite llegar a muchas personas de 60 a\u00f1os o m\u00e1s que, por cuestiones de la presencialidad, no pod\u00edan asistir\u201d. De esta manera se ampl\u00edan los horizontes y el PEUAM tiene alcance a nivel interprovincial, coment\u00f3 la coordinadora psicopedagoga, Tamara Lan\u00fas.<\/span><\/p>\n<p><span style=\"font-weight: 400;\">En referencia a la cantidad de inscriptos\/as que integran este a\u00f1o, enfatizaron que expresar en n\u00fameros de participantes el alcance del programa, \u00abno es suficiente para magnificar el impacto de este proyecto en las personas mayores\u00bb.<\/span><\/p>\n<p><span style=\"font-weight: 400;\">\u201cHoy, tras una convocatoria p\u00fablica y abierta y, con n\u00famero r\u00e9cord de participantes, el PEUAM sigue siendo una prioridad c\u00f3mo pol\u00edtica p\u00fablica de nuestra Universidad\u201d, afirm\u00f3 Redondo.<\/span><\/p>\n<p><span style=\"font-weight: 400;\">Entre los talleres m\u00e1s convocados se encuentran Gimnasia: Adultos en Movimiento; los idiomas como Italiano e Ingl\u00e9s; Computaci\u00f3n: el adulto mayor y las nuevas tecnolog\u00edas y, Memoria y estimulaci\u00f3n cognitiva.<\/span><\/p>\n<p><span style=\"font-weight: 400;\">Asimismo, \u201cla iniciativa de nuevas propuestas como Yoga, Relatos Orales, Radioteatro y Escritura y Literatura, son producto de la demanda y satisfacci\u00f3n que expresan los y las participantes en cada encuentro que, a la vez, forman parte de encuentros sincr\u00f3nicos\u201d, mencion\u00f3 Mart\u00ednez.<\/span><\/p>\n<p><span style=\"font-weight: 400;\">En lo que respecta a la transmisi\u00f3n de las clases, Lan\u00fas coment\u00f3 que generalmente se transmiten en vivo, otros a trav\u00e9s de las plataformas como Meet, Zoom o salas de Facebook, que permiten tener clases sincr\u00f3nicas a fin de interactuar los\/as docentes y los\/as alumnos\/as y, tambi\u00e9n se publican actividades en PDF, Word o v\u00eddeos.<\/span><\/p>\n<p><span style=\"font-weight: 400;\">Para finalizar, a modo de reflexi\u00f3n Mart\u00ednez, expres\u00f3 que en el \u00e1mbito del PEUAM en casa virtual se garantizan los derechos vinculados a la \u201cautorrealizaci\u00f3n personal y social\u201d. Adem\u00e1s, \u201cse pretende desarrollar y garantizar la integraci\u00f3n e inclusi\u00f3n plena de las personas mayores que participan, apelando a la participaci\u00f3n activa en los talleres vinculados al movimiento, la salud, la expresi\u00f3n art\u00edstica y cultural y las ciencias sociales y humanidades\u201d, afirm\u00f3.<\/span><\/p>\n<p><span style=\"font-weight: 400;\">\u201cLa docencia, la investigaci\u00f3n y la extensi\u00f3n, como pr\u00e1ctica de intervenci\u00f3n territorial, son pilares fundamentales en la vida y el desarrollo de la Universidad y de la comunidad\u201d, finaliz\u00f3 la directora del Instituto.<\/span><\/p>\n<\/div>\n","protected":false},"excerpt":{"rendered":"<p>El programa perteneciente al Instituto de Extensi\u00f3n comenz\u00f3 la primera semana de abril con sus actividades y ya suma una gran cantidad de adultos\/as mayores interesados\/as. Los talleres son gratuitos y se dictan a trav\u00e9s de un grupo de Facebook. El Programa de Extensi\u00f3n Universitaria para Adultos Mayores (PEUAM), por segundo a\u00f1o consecutivo est\u00e1 desarrollando [&hellip;]<\/p>\n","protected":false},"author":12,"featured_media":16384,"comment_status":"closed","ping_status":"closed","sticky":false,"template":"","format":"standard","meta":{"_exactmetrics_skip_tracking":false,"_exactmetrics_sitenote_active":false,"_exactmetrics_sitenote_note":"","_exactmetrics_sitenote_category":0,"footnotes":""},"categories":[2,34],"tags":[],"class_list":["post-16525","post","type-post","status-publish","format-standard","has-post-thumbnail","hentry","category-novedades","category-peuam"],"_links":{"self":[{"href":"https:\/\/extension.unvm.edu.ar\/index.php?rest_route=\/wp\/v2\/posts\/16525"}],"collection":[{"href":"https:\/\/extension.unvm.edu.ar\/index.php?rest_route=\/wp\/v2\/posts"}],"about":[{"href":"https:\/\/extension.unvm.edu.ar\/index.php?rest_route=\/wp\/v2\/types\/post"}],"author":[{"embeddable":true,"href":"https:\/\/extension.unvm.edu.ar\/index.php?rest_route=\/wp\/v2\/users\/12"}],"replies":[{"embeddable":true,"href":"https:\/\/extension.unvm.edu.ar\/index.php?rest_route=%2Fwp%2Fv2%2Fcomments&post=16525"}],"version-history":[{"count":7,"href":"https:\/\/extension.unvm.edu.ar\/index.php?rest_route=\/wp\/v2\/posts\/16525\/revisions"}],"predecessor-version":[{"id":17671,"href":"https:\/\/extension.unvm.edu.ar\/index.php?rest_route=\/wp\/v2\/posts\/16525\/revisions\/17671"}],"wp:featuredmedia":[{"embeddable":true,"href":"https:\/\/extension.unvm.edu.ar\/index.php?rest_route=\/wp\/v2\/media\/16384"}],"wp:attachment":[{"href":"https:\/\/extension.unvm.edu.ar\/index.php?rest_route=%2Fwp%2Fv2%2Fmedia&parent=16525"}],"wp:term":[{"taxonomy":"category","embeddable":true,"href":"https:\/\/extension.unvm.edu.ar\/index.php?rest_route=%2Fwp%2Fv2%2Fcategories&post=16525"},{"taxonomy":"post_tag","embeddable":true,"href":"https:\/\/extension.unvm.edu.ar\/index.php?rest_route=%2Fwp%2Fv2%2Ftags&post=16525"}],"curies":[{"name":"wp","href":"https:\/\/api.w.org\/{rel}","templated":true}]}}