{"id":16325,"date":"2021-03-18T23:32:29","date_gmt":"2021-03-18T23:32:29","guid":{"rendered":"https:\/\/extension.unvm.edu.ar\/?p=16325"},"modified":"2021-11-12T17:01:33","modified_gmt":"2021-11-12T17:01:33","slug":"un-nuevo-elenco-se-incorpora-al-instituto-de-extension","status":"publish","type":"post","link":"https:\/\/extension.unvm.edu.ar\/?p=16325","title":{"rendered":"Un nuevo elenco se incorpora al Instituto de Extensi\u00f3n"},"content":{"rendered":"<div align=\"justify\">\n<p><em><span style=\"font-weight: 400;\">Se trata de Narraci\u00f3n Oral, una propuesta que tiene como principal objetivo la conformaci\u00f3n de un grupo de personas, capacitadas para contar historias de manera oral, a nivel profesional. Estar\u00e1 coordinado por Mauro Guzm\u00e1n.<\/span><\/em><\/p>\n<p><span style=\"font-weight: 400;\">El nuevo Elenco de Narraci\u00f3n Oral , denominado \u201cTusitalas\u201d que se incorpora al Instituto de Extensi\u00f3n de la Universidad Nacional Villa Mar\u00eda (UNVM), est\u00e1 destinado a j\u00f3venes y adultos\/as. El mismo, tiene como objetivo la conformaci\u00f3n de un grupo de personas, capacitadas para contar historias de manera oral y, a nivel profesional en m\u00faltiples espacios de la ciudad.<\/span><\/p>\n<p><span style=\"font-weight: 400;\">Cabe mencionar que, ya est\u00e1n las inscripciones abiertas para participar en este espacio de exploraci\u00f3n te\u00f3rica-pr\u00e1ctica para contar historias. El jueves 25 de marzo y el jueves 8 de abril ser\u00e1n las audiciones a las 20 hs., en el Instituto de Extensi\u00f3n.<\/span><\/p>\n<p><span style=\"font-weight: 400;\">En abril comenzar\u00e1n las clases, el entrenamiento ser\u00e1 una vez a la semana y consiste en la realizaci\u00f3n de juegos orales y corporales de iniciaci\u00f3n. Adem\u00e1s, de hacer ejercicios para el reconocimiento de la propia voz y realizar las primeras narraciones a partir de la historia de vida de cada participante y de otras personas.<\/span><\/p>\n<p><span style=\"font-weight: 400;\">Estar\u00e1 dividido en una parte pr\u00e1ctica que permitir\u00e1 experimentar distintas t\u00e9cnicas para contar historias. Y, en una te\u00f3rica, que tender\u00e1 al estudio de la historia de la narraci\u00f3n oral, sus principales corrientes, sus m\u00e1ximos exponentes, su posible inserci\u00f3n en la comunidad y un amplio recorrido por las fuentes orales, escritas o audiovisuales, literarias o no literarias, en las que se puede abrevar para encontrar las historias que luego ser\u00e1n contadas.<\/span><\/p>\n<p><span style=\"font-weight: 400;\">Por su parte, es importante resaltar, que no existe en la ciudad de Villa Mar\u00eda un Elenco de esta \u00edndole, de manera que, tanto la UNVM como as\u00ed tambi\u00e9n el Instituto, son los pioneros en generar esta propuesta.<\/span><\/p>\n<p><span style=\"font-weight: 400;\">Haciendo hincapi\u00e9 en la Narraci\u00f3n Oral, es un arte esc\u00e9nica que precisa siempre de la participaci\u00f3n de la comunidad, que ocurre en la comunidad y que toma a sus narradores del mismo lugar.\u00a0<\/span><\/p>\n<p><span style=\"font-weight: 400;\">En este espacio, se busca un Elenco cuya est\u00e9tica asuma una \u00e9tica que abraza el derecho al uso de la palabra, y el derecho a presenciar y vivir acontecimientos del relato. Una \u00e9tica que se enlaza con la de una Universidad P\u00fablica.<\/span><\/p>\n<p><span style=\"font-weight: 400;\">Para consultas: cuentacuentosunvm@gmail.com<\/span><\/p>\n<\/div>\n","protected":false},"excerpt":{"rendered":"<p>Se trata de Narraci\u00f3n Oral, una propuesta que tiene como principal objetivo la conformaci\u00f3n de un grupo de personas, capacitadas para contar historias de manera oral, a nivel profesional. Estar\u00e1 coordinado por Mauro Guzm\u00e1n. El nuevo Elenco de Narraci\u00f3n Oral , denominado \u201cTusitalas\u201d que se incorpora al Instituto de Extensi\u00f3n de la Universidad Nacional Villa [&hellip;]<\/p>\n","protected":false},"author":12,"featured_media":16326,"comment_status":"closed","ping_status":"closed","sticky":false,"template":"","format":"standard","meta":{"_exactmetrics_skip_tracking":false,"_exactmetrics_sitenote_active":false,"_exactmetrics_sitenote_note":"","_exactmetrics_sitenote_category":0,"footnotes":""},"categories":[36,2],"tags":[],"class_list":["post-16325","post","type-post","status-publish","format-standard","has-post-thumbnail","hentry","category-elencos","category-novedades"],"_links":{"self":[{"href":"https:\/\/extension.unvm.edu.ar\/index.php?rest_route=\/wp\/v2\/posts\/16325"}],"collection":[{"href":"https:\/\/extension.unvm.edu.ar\/index.php?rest_route=\/wp\/v2\/posts"}],"about":[{"href":"https:\/\/extension.unvm.edu.ar\/index.php?rest_route=\/wp\/v2\/types\/post"}],"author":[{"embeddable":true,"href":"https:\/\/extension.unvm.edu.ar\/index.php?rest_route=\/wp\/v2\/users\/12"}],"replies":[{"embeddable":true,"href":"https:\/\/extension.unvm.edu.ar\/index.php?rest_route=%2Fwp%2Fv2%2Fcomments&post=16325"}],"version-history":[{"count":3,"href":"https:\/\/extension.unvm.edu.ar\/index.php?rest_route=\/wp\/v2\/posts\/16325\/revisions"}],"predecessor-version":[{"id":18093,"href":"https:\/\/extension.unvm.edu.ar\/index.php?rest_route=\/wp\/v2\/posts\/16325\/revisions\/18093"}],"wp:featuredmedia":[{"embeddable":true,"href":"https:\/\/extension.unvm.edu.ar\/index.php?rest_route=\/wp\/v2\/media\/16326"}],"wp:attachment":[{"href":"https:\/\/extension.unvm.edu.ar\/index.php?rest_route=%2Fwp%2Fv2%2Fmedia&parent=16325"}],"wp:term":[{"taxonomy":"category","embeddable":true,"href":"https:\/\/extension.unvm.edu.ar\/index.php?rest_route=%2Fwp%2Fv2%2Fcategories&post=16325"},{"taxonomy":"post_tag","embeddable":true,"href":"https:\/\/extension.unvm.edu.ar\/index.php?rest_route=%2Fwp%2Fv2%2Ftags&post=16325"}],"curies":[{"name":"wp","href":"https:\/\/api.w.org\/{rel}","templated":true}]}}