{"id":16307,"date":"2021-03-17T16:40:25","date_gmt":"2021-03-17T16:40:25","guid":{"rendered":"https:\/\/extension.unvm.edu.ar\/?p=16307"},"modified":"2021-03-17T16:47:43","modified_gmt":"2021-03-17T16:47:43","slug":"extension-unvm-brindara-capacitaciones-en-arte-educacion-y-nuevas-tecnologias","status":"publish","type":"post","link":"https:\/\/extension.unvm.edu.ar\/?p=16307","title":{"rendered":"Extensi\u00f3n UNVM brindar\u00e1 capacitaciones en Arte, Educaci\u00f3n y Nuevas Tecnolog\u00edas"},"content":{"rendered":"<div align=\"justify\">\n<p><em>El \u00c1rea de Formaci\u00f3n Continua presenta 14 novedosos cursos que se dictar\u00e1n de manera online a partir de abril. Ya est\u00e1n abiertas las pre inscripciones.<\/em><\/p>\n<p>Desde el a\u00f1o 2020 el Instituto de Extensi\u00f3n de la Universidad Nacional Villa Mar\u00eda (UNVM), viene trabajando en la construcci\u00f3n del \u00c1rea de Formaci\u00f3n Continua, un espacio de articulaci\u00f3n destinado a la generaci\u00f3n de propuestas educativas para la comunidad en general, que responden a las necesidades de una sociedad en constante cambio y transformaci\u00f3n.<\/p>\n<p>En tal sentido, es una nueva \u00c1rea abierta y en continuo desarrollo, que propone e invita a formar parte, pensando los m\u00faltiples escenarios y destinatarios, contribuyendo una vez m\u00e1s, en el desarrollo de una sociedad m\u00e1s justa equitativa e inclusiva\u201d, afirma la directora del Instituto de Extensi\u00f3n, lic. Gabriela Redondo.<\/p>\n<p>Este a\u00f1o, con el prop\u00f3sito de generar una oferta novedosa y heterog\u00e9nea, el \u00c1rea de Formaci\u00f3n Continua lanza la Agenda del mes de abril con 14 cursos de capacitaci\u00f3n que se dictar\u00e1n de manera 100% virtual. Son nuevas propuestas que abarcan al p\u00fablico en general, de todas las edades, con una duraci\u00f3n que va de uno a tres meses.<\/p>\n<p>Se ofrecer\u00e1n capacitaciones vinculadas al Dise\u00f1o Gr\u00e1fico, al Marketing Digital, Ecommerce, Community Manager y Publicidad. Y, como novedad resaltan los cursos de Plataformas Digitales destinados a docentes y personal de la educaci\u00f3n y, de idioma, en esta oportunidad, de Chino Mandar\u00edn, relacionado al comercio internacional y al mundo de los negocios.<\/p>\n<p>Al respecto, el director del \u00c1rea de Transferencia Cient\u00edfico-Tecnol\u00f3gica del Instituto de Extensi\u00f3n, cr. Dario Poncio manifest\u00f3 que, al brindar estas capacitaciones, el Instituto se convierte \u201cen pionero en abrir espacios de capacitaci\u00f3n que son necesitados y van a tener importancia en el futuro\u201d.<\/p>\n<p>En este sentido, habr\u00e1 propuestas que abarcan a ni\u00f1os\/as, j\u00f3venes y adultos\/as sobre Videojuegos y Rob\u00f3tica, como as\u00ed tambi\u00e9n capacitaciones afines al arte, al movimiento corporal, a las expresiones art\u00edsticas y a la educaci\u00f3n. En tal sentido, los cursos ser\u00e1n sobre Danzaterapia M\u00e9todo Mar\u00eda Fux, Acci\u00f3n\/reacci\u00f3n: performance en el espacio p\u00fablico, Iniciaci\u00f3n a la Videodanza y \u00abDetr\u00e1s de video para bodas\u00bb: Estrategias del Negocio.<\/p>\n<p>Adem\u00e1s, se aprender\u00e1 sobre Vejeces desde una perspectiva de derechos. Un abordaje interdisciplinario, destinado a trabajadores\/as, profesionales y estudiantes de la tem\u00e1tica. Y, tambi\u00e9n se brindar\u00e1n los cursos de Oratoria e Introducci\u00f3n al Teatro F\u00edsico.<\/p>\n<p>Por \u00faltimo, es importante mencionar que este a\u00f1o se suman nuevamente las Diplomaturas que se dictan en articulaci\u00f3n con otras instituciones como Aula Abierta y la Escuela Miyazato y, por primera vez, se brindar\u00e1 la Diplomatura en Arte y Transformaci\u00f3n Social organizada de manera conjunta con el Instituto Acad\u00e9mico Pedag\u00f3gico de Ciencias Humanas de la UNVM. Adem\u00e1s, se ofrecer\u00e1 el Taller virtual de la Idea al Negocio coordinado por el Programa Unipymes.<\/p>\n<p>Cabe mencionar que ya est\u00e1n abiertas las pre inscripciones, tanto para los cursos y talleres como as\u00ed tambi\u00e9n para las diplomaturas. Ingres\u00e1 a extension.unvm.edu.ar para conocer cada una de las propuestas.<\/p>\n<\/div>\n","protected":false},"excerpt":{"rendered":"<p>El \u00c1rea de Formaci\u00f3n Continua presenta 14 novedosos cursos que se dictar\u00e1n de manera online a partir de abril. Ya est\u00e1n abiertas las pre inscripciones. Desde el a\u00f1o 2020 el Instituto de Extensi\u00f3n de la Universidad Nacional Villa Mar\u00eda (UNVM), viene trabajando en la construcci\u00f3n del \u00c1rea de Formaci\u00f3n Continua, un espacio de articulaci\u00f3n destinado [&hellip;]<\/p>\n","protected":false},"author":12,"featured_media":11776,"comment_status":"closed","ping_status":"closed","sticky":false,"template":"","format":"standard","meta":{"_exactmetrics_skip_tracking":false,"_exactmetrics_sitenote_active":false,"_exactmetrics_sitenote_note":"","_exactmetrics_sitenote_category":0,"footnotes":""},"categories":[2],"tags":[],"class_list":["post-16307","post","type-post","status-publish","format-standard","has-post-thumbnail","hentry","category-novedades"],"_links":{"self":[{"href":"https:\/\/extension.unvm.edu.ar\/index.php?rest_route=\/wp\/v2\/posts\/16307"}],"collection":[{"href":"https:\/\/extension.unvm.edu.ar\/index.php?rest_route=\/wp\/v2\/posts"}],"about":[{"href":"https:\/\/extension.unvm.edu.ar\/index.php?rest_route=\/wp\/v2\/types\/post"}],"author":[{"embeddable":true,"href":"https:\/\/extension.unvm.edu.ar\/index.php?rest_route=\/wp\/v2\/users\/12"}],"replies":[{"embeddable":true,"href":"https:\/\/extension.unvm.edu.ar\/index.php?rest_route=%2Fwp%2Fv2%2Fcomments&post=16307"}],"version-history":[{"count":7,"href":"https:\/\/extension.unvm.edu.ar\/index.php?rest_route=\/wp\/v2\/posts\/16307\/revisions"}],"predecessor-version":[{"id":16328,"href":"https:\/\/extension.unvm.edu.ar\/index.php?rest_route=\/wp\/v2\/posts\/16307\/revisions\/16328"}],"wp:featuredmedia":[{"embeddable":true,"href":"https:\/\/extension.unvm.edu.ar\/index.php?rest_route=\/wp\/v2\/media\/11776"}],"wp:attachment":[{"href":"https:\/\/extension.unvm.edu.ar\/index.php?rest_route=%2Fwp%2Fv2%2Fmedia&parent=16307"}],"wp:term":[{"taxonomy":"category","embeddable":true,"href":"https:\/\/extension.unvm.edu.ar\/index.php?rest_route=%2Fwp%2Fv2%2Fcategories&post=16307"},{"taxonomy":"post_tag","embeddable":true,"href":"https:\/\/extension.unvm.edu.ar\/index.php?rest_route=%2Fwp%2Fv2%2Ftags&post=16307"}],"curies":[{"name":"wp","href":"https:\/\/api.w.org\/{rel}","templated":true}]}}