{"id":15911,"date":"2021-03-05T17:13:59","date_gmt":"2021-03-05T17:13:59","guid":{"rendered":"https:\/\/extension.unvm.edu.ar\/?p=15911"},"modified":"2021-03-05T17:15:59","modified_gmt":"2021-03-05T17:15:59","slug":"8m-con-diversas-propuestas-organizadas-por-la-unvm","status":"publish","type":"post","link":"https:\/\/extension.unvm.edu.ar\/?p=15911","title":{"rendered":"8M: con diversas propuestas organizadas por la UNVM"},"content":{"rendered":"<div align=\"justify\">\n<p><i><span style=\"font-weight: 400;\">En el marco del D\u00eda Internacional de las Mujeres Trabajadoras, se realizar\u00e1n audiovisuales, conferencias y una serie de actividades.<\/span><\/i><\/p>\n<p><span style=\"font-weight: 400;\">El pr\u00f3ximo lunes 8 de marzo, se conmemora el D\u00eda Internacional de las Mujeres Trabajadoras y, la Universidad Nacional Villa Mar\u00eda (UNVM), participar\u00e1 a trav\u00e9s de la realizaci\u00f3n de audiovisuales, conferencias y una serie de actividades.<\/span><\/p>\n<p><span style=\"font-weight: 400;\">Desde el Instituto de Extensi\u00f3n se produjo un podcast titulado \u201cMujeres en lucha\u201d, que consiste en una serie de episodios que se difundir\u00e1n a trav\u00e9s del Spotify de la UNVM.\u00a0<\/span><\/p>\n<p><span style=\"font-weight: 400;\">Cabe mencionar que el podcast surgi\u00f3 del proyecto \u201cSacar la Voz. Educomunicaci\u00f3n con perspectiva de g\u00e9nero: estrategias para el desarrollo comunitario\u201d, que fue realizado junto a un grupo de mujeres del Barrio Felipe Botta de Villa Mar\u00eda. El equipo de trabajo fue conformado por Claudia Gatica, Vanesa Chiappe, Noelia Mansilla y Florencia Gonz\u00e1lez.<\/span><\/p>\n<p><span style=\"font-weight: 400;\">Por su parte, desde el 8 al 20 de marzo, en conjunto con la Secretar\u00eda de Bienestar se organizar\u00e1 un ciclo denominado \u201ccaja de recursos para pensar el 8M\u201d. El mismo incluye diversas pr\u00e1cticas art\u00edsticas colectivas e itinerantes por diferentes espacios, \u00e1reas y sedes de la Universidad.<\/span><\/p>\n<p><span style=\"font-weight: 400;\">Y, por \u00faltimo, se desarrollar\u00e1 el primer encuentro del Taller de Educaci\u00f3n Menstrual y Educaci\u00f3n Sexual Integral (ESI), organizado en conjunto con la Secretar\u00eda de Bienestar, que contar\u00e1 con la disertaci\u00f3n de Eugenia Fern\u00e1ndez. Ser\u00e1 el viernes 26, a partir de las 19 hs., en Casa Cepia.<\/span><\/p>\n<\/div>\n","protected":false},"excerpt":{"rendered":"<p>En el marco del D\u00eda Internacional de las Mujeres Trabajadoras, se realizar\u00e1n audiovisuales, conferencias y una serie de actividades. El pr\u00f3ximo lunes 8 de marzo, se conmemora el D\u00eda Internacional de las Mujeres Trabajadoras y, la Universidad Nacional Villa Mar\u00eda (UNVM), participar\u00e1 a trav\u00e9s de la realizaci\u00f3n de audiovisuales, conferencias y una serie de actividades. [&hellip;]<\/p>\n","protected":false},"author":12,"featured_media":15922,"comment_status":"closed","ping_status":"closed","sticky":false,"template":"","format":"standard","meta":{"_exactmetrics_skip_tracking":false,"_exactmetrics_sitenote_active":false,"_exactmetrics_sitenote_note":"","_exactmetrics_sitenote_category":0,"footnotes":""},"categories":[2],"tags":[],"class_list":["post-15911","post","type-post","status-publish","format-standard","has-post-thumbnail","hentry","category-novedades"],"_links":{"self":[{"href":"https:\/\/extension.unvm.edu.ar\/index.php?rest_route=\/wp\/v2\/posts\/15911"}],"collection":[{"href":"https:\/\/extension.unvm.edu.ar\/index.php?rest_route=\/wp\/v2\/posts"}],"about":[{"href":"https:\/\/extension.unvm.edu.ar\/index.php?rest_route=\/wp\/v2\/types\/post"}],"author":[{"embeddable":true,"href":"https:\/\/extension.unvm.edu.ar\/index.php?rest_route=\/wp\/v2\/users\/12"}],"replies":[{"embeddable":true,"href":"https:\/\/extension.unvm.edu.ar\/index.php?rest_route=%2Fwp%2Fv2%2Fcomments&post=15911"}],"version-history":[{"count":8,"href":"https:\/\/extension.unvm.edu.ar\/index.php?rest_route=\/wp\/v2\/posts\/15911\/revisions"}],"predecessor-version":[{"id":16282,"href":"https:\/\/extension.unvm.edu.ar\/index.php?rest_route=\/wp\/v2\/posts\/15911\/revisions\/16282"}],"wp:featuredmedia":[{"embeddable":true,"href":"https:\/\/extension.unvm.edu.ar\/index.php?rest_route=\/wp\/v2\/media\/15922"}],"wp:attachment":[{"href":"https:\/\/extension.unvm.edu.ar\/index.php?rest_route=%2Fwp%2Fv2%2Fmedia&parent=15911"}],"wp:term":[{"taxonomy":"category","embeddable":true,"href":"https:\/\/extension.unvm.edu.ar\/index.php?rest_route=%2Fwp%2Fv2%2Fcategories&post=15911"},{"taxonomy":"post_tag","embeddable":true,"href":"https:\/\/extension.unvm.edu.ar\/index.php?rest_route=%2Fwp%2Fv2%2Ftags&post=15911"}],"curies":[{"name":"wp","href":"https:\/\/api.w.org\/{rel}","templated":true}]}}