{"id":15900,"date":"2021-03-04T14:52:18","date_gmt":"2021-03-04T14:52:18","guid":{"rendered":"https:\/\/extension.unvm.edu.ar\/?p=15900"},"modified":"2021-03-04T15:03:44","modified_gmt":"2021-03-04T15:03:44","slug":"se-presentaron-37-propuestas-para-el-peuam-2021","status":"publish","type":"post","link":"https:\/\/extension.unvm.edu.ar\/?p=15900","title":{"rendered":"Se presentaron 37 propuestas para el PEUAM 2021"},"content":{"rendered":"<div align=\"justify\">\n<p><em><span style=\"font-weight: 400;\">Finaliz\u00f3 la presentaci\u00f3n de proyectos para el programa de adultos\/as mayores del Instituto de Extensi\u00f3n. Los mismos pasaron a instancia de evaluaci\u00f3n hasta el 10 de marzo.<\/span><\/em><\/p>\n<p><span style=\"font-weight: 400;\">El Programa de Extensi\u00f3n Universitaria para Adultos\/as Mayores (PEUAM), perteneciente al Instituto de Extensi\u00f3n de la Universidad Nacional Villa Mar\u00eda (UNVM), convoc\u00f3 a la comunidad de Villa Mar\u00eda y la regi\u00f3n, a presentar propuestas de modalidad anual, de las cuales se presentaron 37 y, hasta el 10 de marzo se encuentran en instancia de evaluaci\u00f3n.<\/span><\/p>\n<p><span style=\"font-weight: 400;\">Es importante mencionar que, el 11 de marzo comenzar\u00e1 la realizaci\u00f3n de entrevistas a los\/as seleccionados\/as, hasta el 17 de marzo. Luego, se notificar\u00e1n los resultados los d\u00edas 18 y 19 de marzo, comenzando las actividades el lunes 5 de abril hasta noviembre inclusive.<\/span><\/p>\n<p><span style=\"font-weight: 400;\">En lo que respecta a las propuestas, debieron reunir diversas caracter\u00edsticas. Entre ellas, ser una propuesta anual, que se adapte a la virtualidad utilizando la red social Facebook, contener clases sincr\u00f3nicas y, adem\u00e1s, atender a las pautas y estructura para la presentaci\u00f3n del proyecto.<\/span><\/p>\n<p><span style=\"font-weight: 400;\">Los\/as talleristas deben tener disponibilidad de 2 horas semanales para dictar el taller de manera sincr\u00f3nica y asincr\u00f3nica y, adem\u00e1s, para participar de reuniones obligatorias, actividades o diferentes intervenciones que surjan de la Direcci\u00f3n de Desarrollo Social y Cultural y poseer disponibilidad presencial, en caso de resolver regresar a la presencialidad.<\/span><\/p>\n<p><span style=\"font-weight: 400;\">Por \u00faltimo, cabe recordar que esta experiencia c<\/span><span style=\"font-weight: 400;\">onstituye un espacio de aprendizaje de una manera particular, pero se pretende no desatender el proyecto de PEUAM, ni sus objetivos, por lo que se apunta a utilizar una metodolog\u00eda participativa e integrar a trav\u00e9s de esta propuesta, la teor\u00eda y la pr\u00e1ctica, en el marco de esta emergencia sanitaria social y econ\u00f3mica, por la cual se atraviesa y, utilizando como punto de partida, un enfoque de derechos de las personas mayores.<\/span><\/p>\n<\/div>\n","protected":false},"excerpt":{"rendered":"<p>Finaliz\u00f3 la presentaci\u00f3n de proyectos para el programa de adultos\/as mayores del Instituto de Extensi\u00f3n. Los mismos pasaron a instancia de evaluaci\u00f3n hasta el 10 de marzo. El Programa de Extensi\u00f3n Universitaria para Adultos\/as Mayores (PEUAM), perteneciente al Instituto de Extensi\u00f3n de la Universidad Nacional Villa Mar\u00eda (UNVM), convoc\u00f3 a la comunidad de Villa Mar\u00eda [&hellip;]<\/p>\n","protected":false},"author":12,"featured_media":15724,"comment_status":"closed","ping_status":"closed","sticky":false,"template":"","format":"standard","meta":{"_exactmetrics_skip_tracking":false,"_exactmetrics_sitenote_active":false,"_exactmetrics_sitenote_note":"","_exactmetrics_sitenote_category":0,"footnotes":""},"categories":[2],"tags":[],"class_list":["post-15900","post","type-post","status-publish","format-standard","has-post-thumbnail","hentry","category-novedades"],"_links":{"self":[{"href":"https:\/\/extension.unvm.edu.ar\/index.php?rest_route=\/wp\/v2\/posts\/15900"}],"collection":[{"href":"https:\/\/extension.unvm.edu.ar\/index.php?rest_route=\/wp\/v2\/posts"}],"about":[{"href":"https:\/\/extension.unvm.edu.ar\/index.php?rest_route=\/wp\/v2\/types\/post"}],"author":[{"embeddable":true,"href":"https:\/\/extension.unvm.edu.ar\/index.php?rest_route=\/wp\/v2\/users\/12"}],"replies":[{"embeddable":true,"href":"https:\/\/extension.unvm.edu.ar\/index.php?rest_route=%2Fwp%2Fv2%2Fcomments&post=15900"}],"version-history":[{"count":7,"href":"https:\/\/extension.unvm.edu.ar\/index.php?rest_route=\/wp\/v2\/posts\/15900\/revisions"}],"predecessor-version":[{"id":15915,"href":"https:\/\/extension.unvm.edu.ar\/index.php?rest_route=\/wp\/v2\/posts\/15900\/revisions\/15915"}],"wp:featuredmedia":[{"embeddable":true,"href":"https:\/\/extension.unvm.edu.ar\/index.php?rest_route=\/wp\/v2\/media\/15724"}],"wp:attachment":[{"href":"https:\/\/extension.unvm.edu.ar\/index.php?rest_route=%2Fwp%2Fv2%2Fmedia&parent=15900"}],"wp:term":[{"taxonomy":"category","embeddable":true,"href":"https:\/\/extension.unvm.edu.ar\/index.php?rest_route=%2Fwp%2Fv2%2Fcategories&post=15900"},{"taxonomy":"post_tag","embeddable":true,"href":"https:\/\/extension.unvm.edu.ar\/index.php?rest_route=%2Fwp%2Fv2%2Ftags&post=15900"}],"curies":[{"name":"wp","href":"https:\/\/api.w.org\/{rel}","templated":true}]}}