{"id":15868,"date":"2021-02-23T15:01:31","date_gmt":"2021-02-23T15:01:31","guid":{"rendered":"https:\/\/extension.unvm.edu.ar\/?p=15868"},"modified":"2021-02-23T16:04:24","modified_gmt":"2021-02-23T16:04:24","slug":"se-firmo-un-protocolo-de-trabajo-para-el-inicio-de-las-actividades-de-territorios-creativos","status":"publish","type":"post","link":"https:\/\/extension.unvm.edu.ar\/?p=15868","title":{"rendered":"Se firm\u00f3 un protocolo de trabajo para el inicio de las actividades de Territorios Creativos"},"content":{"rendered":"<div align=\"justify\">\n<p><em>Las autoridades de la UNVM y del proyecto villamariense, estuvieron presentes en la firma del protocolo, que se llev\u00f3 a cabo en el Sal\u00f3n Blanco de la Municipalidad.<\/em><\/p>\n<p>El Instituto de Extensi\u00f3n de la Universidad Nacional Villa Mar\u00eda (UNVM), la Secretar\u00eda de Educaci\u00f3n, Cultura y Promoci\u00f3n de la Ciencia de la Municipalidad de Villa Mar\u00eda, el Ente Regional de Desarrollo (ENRED) y la Asociaci\u00f3n de Empresarios de la Regi\u00f3n Centro Argentino (AERCA) firmaron un protocolo de trabajo, con el objetivo de trabajar de manera articulada y participativa en el desarrollo de objetivos. El encuentro se desarroll\u00f3 en el Sal\u00f3n Blanco del Municipio villamariense.<\/p>\n<p>Cabe mencionar, que el protocolo de trabajo trae a consideraci\u00f3n diversos aspectos, entre ellos trabajar de manera participativa y articulada para contribuir a la generaci\u00f3n y promoci\u00f3n de pol\u00edticas culturales m\u00e1s eficientes en la ciudad de Villa Mar\u00eda y la regi\u00f3n y, articular, en este sentido, con la Mesa de Industrias Creativas y Culturales de Villa Mar\u00eda (MICC), los\/as artistas, gestores\/as culturales, emprendedores\/as, coordinadores\/as de cultura de instituciones p\u00fablicas y privadas; como as\u00ed tambi\u00e9n promover instancias de\u00a0 formaci\u00f3n y visibilizaci\u00f3n.<\/p>\n<p>Adem\u00e1s, impulsar\u00e1 un relevamiento de los emprendimientos de las Industrias Culturales Creativas existentes en Villa Mar\u00eda y la regi\u00f3n, la implementaci\u00f3n de un censo peri\u00f3dico y la incorporaci\u00f3n a una base de datos para promover una plataforma online de artistas.<\/p>\n<p>Se proyecta la creaci\u00f3n de cl\u00fasteres y la implementaci\u00f3n de una incubadora de iniciativas culturales. Asimismo, se se\u00f1alan propuestas de divulgaci\u00f3n, capacitaci\u00f3n y diferentes acciones de fortalecimiento de las industrias creativas y culturales de Villa Mar\u00eda y la regi\u00f3n.<\/p>\n<p><strong>Territorios Creativos<\/strong>\u00a0se define como un punto de encuentro entre artistas, emprendedores\/as, gestores\/as de instituciones p\u00fablicas y privadas, donde se tejen alianzas para el desarrollo de industrias culturales y creativas con impacto regional.<\/p>\n<p>Al respecto, la directora del Instituto de Extensi\u00f3n, Gabriela Redondo manifest\u00f3 que el proyecto villamariense \u00abes un espacio abierto, un espacio vivo, que se transforma conjuntamente con la comunidad\u00bb (&#8230;) \u00abes un espacio de todos y todas\u00bb.<\/p>\n<p>Para la firma, estuvieron presentes el rector de la UNVM, Luis Negretti; la directora del Instituto de Extensi\u00f3n de la UNVM, Gabriela Redondo, el Jefe de Gabinete de la Municipalidad de Villa Mar\u00eda,\u00a0Dr. H\u00e9ctor Guillermo Mu\u00f1oz; el secretario de Educaci\u00f3n, Cultura y Promoci\u00f3n de la Ciencia, Rafael Sachetto; el director ejecutivo del Entre Regional de Desarrollo, Jos\u00e9 Carignano y el presidente de AERCA, Juan Carlos Jacobo.<\/p>\n<\/div>\n","protected":false},"excerpt":{"rendered":"<p>Las autoridades de la UNVM y del proyecto villamariense, estuvieron presentes en la firma del protocolo, que se llev\u00f3 a cabo en el Sal\u00f3n Blanco de la Municipalidad. El Instituto de Extensi\u00f3n de la Universidad Nacional Villa Mar\u00eda (UNVM), la Secretar\u00eda de Educaci\u00f3n, Cultura y Promoci\u00f3n de la Ciencia de la Municipalidad de Villa Mar\u00eda, [&hellip;]<\/p>\n","protected":false},"author":12,"featured_media":15874,"comment_status":"closed","ping_status":"closed","sticky":false,"template":"","format":"standard","meta":{"_exactmetrics_skip_tracking":false,"_exactmetrics_sitenote_active":false,"_exactmetrics_sitenote_note":"","_exactmetrics_sitenote_category":0,"footnotes":""},"categories":[2],"tags":[],"class_list":["post-15868","post","type-post","status-publish","format-standard","has-post-thumbnail","hentry","category-novedades"],"_links":{"self":[{"href":"https:\/\/extension.unvm.edu.ar\/index.php?rest_route=\/wp\/v2\/posts\/15868"}],"collection":[{"href":"https:\/\/extension.unvm.edu.ar\/index.php?rest_route=\/wp\/v2\/posts"}],"about":[{"href":"https:\/\/extension.unvm.edu.ar\/index.php?rest_route=\/wp\/v2\/types\/post"}],"author":[{"embeddable":true,"href":"https:\/\/extension.unvm.edu.ar\/index.php?rest_route=\/wp\/v2\/users\/12"}],"replies":[{"embeddable":true,"href":"https:\/\/extension.unvm.edu.ar\/index.php?rest_route=%2Fwp%2Fv2%2Fcomments&post=15868"}],"version-history":[{"count":7,"href":"https:\/\/extension.unvm.edu.ar\/index.php?rest_route=\/wp\/v2\/posts\/15868\/revisions"}],"predecessor-version":[{"id":15904,"href":"https:\/\/extension.unvm.edu.ar\/index.php?rest_route=\/wp\/v2\/posts\/15868\/revisions\/15904"}],"wp:featuredmedia":[{"embeddable":true,"href":"https:\/\/extension.unvm.edu.ar\/index.php?rest_route=\/wp\/v2\/media\/15874"}],"wp:attachment":[{"href":"https:\/\/extension.unvm.edu.ar\/index.php?rest_route=%2Fwp%2Fv2%2Fmedia&parent=15868"}],"wp:term":[{"taxonomy":"category","embeddable":true,"href":"https:\/\/extension.unvm.edu.ar\/index.php?rest_route=%2Fwp%2Fv2%2Fcategories&post=15868"},{"taxonomy":"post_tag","embeddable":true,"href":"https:\/\/extension.unvm.edu.ar\/index.php?rest_route=%2Fwp%2Fv2%2Ftags&post=15868"}],"curies":[{"name":"wp","href":"https:\/\/api.w.org\/{rel}","templated":true}]}}