{"id":15850,"date":"2021-02-22T22:41:39","date_gmt":"2021-02-22T22:41:39","guid":{"rendered":"https:\/\/extension.unvm.edu.ar\/?p=15850"},"modified":"2021-11-12T17:01:56","modified_gmt":"2021-11-12T17:01:56","slug":"abren-las-convocatorias-para-los-elencos-de-la-unvm","status":"publish","type":"post","link":"https:\/\/extension.unvm.edu.ar\/?p=15850","title":{"rendered":"Abren las convocatorias para los Elencos de la UNVM"},"content":{"rendered":"<div align=\"justify\">\n<p><em>Se ofrecer\u00e1n diversas propuestas para audicionar en los grupos art\u00edsticos estables que pertenecen al Instituto de Extensi\u00f3n. Los encuentros comenzar\u00e1n en marzo.<\/em><\/p>\n<p>Los Elencos Estables Coro Nonino, Coro de Adultos Mayores (CORAM), Coro de Ni\u00f1os y Ni\u00f1as, Orquesta Escuela de Tango \u201cLa Cabulera\u201d, Danzamble y el Ballet Folkl\u00f3rico Universitario de la Universidad Nacional Villa Mar\u00eda (UNVM), abren sus convocatorias para audicionar durante el mes de marzo, ser\u00e1n de manera virtual y presencial.<\/p>\n<p>En lo que respecta al Coro Nonino, tendr\u00e1 sus audiciones presenciales, el lunes 1 de marzo y el 8 de marzo, en el Auditorio del Instituto de Extensi\u00f3n (Santiago del Estero 1365). Las virtuales ser\u00e1n los mi\u00e9rcoles 3 y 10 de marzo por la plataforma Google Meet, enviando un correo electr\u00f3nico a <a href=\"mailto:corononuno.unvm@gmail.com\">corononino.unvm@gmail.com<\/a> para solicitar el enlace de la reuni\u00f3n.<\/p>\n<p>Por su parte, el coro integrado por adultos\/as mayores a partir de 60 a\u00f1os, CORAM, tendr\u00e1 su lugar el lunes 15 de marzo, a las 16 hs. Las entrevistas ser\u00e1n de manera presencial, en el Auditorio del Instituto de Extensi\u00f3n.<\/p>\n<p>La Orquesta Escuela de Tango \u201cLa Cabulera\u201d, abre las inscripciones del 1 al 27 de marzo, para que las personas interesadas env\u00eden el material con el que van a audicionar. Ser\u00e1n dos modalidades de cursado, virtual y presencial. Los puestos vacantes a cubrir son piano, bandone\u00f3n, viol\u00edn, viola, violonchelo y contrabajo.<\/p>\n<p>Asimismo, el elenco Danzamble, tendr\u00e1 su espacio el 9 de marzo, a las 14 hs. La convocatoria es abierta a toda la poblaci\u00f3n de Villa Mar\u00eda y Villa Nueva mayor de 18 a\u00f1os.<\/p>\n<p>La invitaci\u00f3n para incorporar voces en el Coro de Ni\u00f1os y Ni\u00f1as ser\u00e1, por un lado, de manera virtual el lunes 15 y mi\u00e9rcoles 17 de marzo, por Google Meet. Por otro lado, se realizar\u00e1 de manera presencial el lunes 22 en el Auditorio del Instituto de Extensi\u00f3n. Las condiciones consisten en tener entre 8 (cursando 4to grado) y 14 a\u00f1os; vivir en Villa Mar\u00eda, Villa Nueva o zona cercana.<\/p>\n<p>Por \u00faltimo, tendr\u00e1 lugar el Ballet Folkl\u00f3rico Universitario, el mi\u00e9rcoles 10 de marzo. Los\/as adultos\/as est\u00e1 citados a las 19:30 hs. y los\/as j\u00f3venes a las 20:30 hs, en el Auditorio del Instituto de Extensi\u00f3n.<\/p>\n<p>Cabe mencionar que cada elenco, notificar\u00e1 a las personas seleccionadas de las audiciones.<\/p>\n<\/div>\n<p><img loading=\"lazy\" decoding=\"async\" class=\"alignnone size-medium wp-image-15861\" src=\"https:\/\/extension.unvm.edu.ar\/wp-content\/uploads\/2021\/02\/CONVOCATORIAS-21-LA-CABULERA-05-300x300.png\" alt=\"\" width=\"300\" height=\"300\" srcset=\"https:\/\/extension.unvm.edu.ar\/wp-content\/uploads\/2021\/02\/CONVOCATORIAS-21-LA-CABULERA-05-300x300.png 300w, https:\/\/extension.unvm.edu.ar\/wp-content\/uploads\/2021\/02\/CONVOCATORIAS-21-LA-CABULERA-05-80x80.png 80w, https:\/\/extension.unvm.edu.ar\/wp-content\/uploads\/2021\/02\/CONVOCATORIAS-21-LA-CABULERA-05-768x768.png 768w, https:\/\/extension.unvm.edu.ar\/wp-content\/uploads\/2021\/02\/CONVOCATORIAS-21-LA-CABULERA-05-1030x1030.png 1030w, https:\/\/extension.unvm.edu.ar\/wp-content\/uploads\/2021\/02\/CONVOCATORIAS-21-LA-CABULERA-05-36x36.png 36w, https:\/\/extension.unvm.edu.ar\/wp-content\/uploads\/2021\/02\/CONVOCATORIAS-21-LA-CABULERA-05-180x180.png 180w, https:\/\/extension.unvm.edu.ar\/wp-content\/uploads\/2021\/02\/CONVOCATORIAS-21-LA-CABULERA-05-1500x1500.png 1500w, https:\/\/extension.unvm.edu.ar\/wp-content\/uploads\/2021\/02\/CONVOCATORIAS-21-LA-CABULERA-05-705x705.png 705w, https:\/\/extension.unvm.edu.ar\/wp-content\/uploads\/2021\/02\/CONVOCATORIAS-21-LA-CABULERA-05-120x120.png 120w, https:\/\/extension.unvm.edu.ar\/wp-content\/uploads\/2021\/02\/CONVOCATORIAS-21-LA-CABULERA-05-450x450.png 450w\" sizes=\"(max-width: 300px) 100vw, 300px\" \/> <img loading=\"lazy\" decoding=\"async\" class=\"alignnone size-medium wp-image-15862\" src=\"https:\/\/extension.unvm.edu.ar\/wp-content\/uploads\/2021\/02\/CONVOCATORIAS-21-NONINO-02-300x300.png\" alt=\"\" width=\"300\" height=\"300\" srcset=\"https:\/\/extension.unvm.edu.ar\/wp-content\/uploads\/2021\/02\/CONVOCATORIAS-21-NONINO-02-300x300.png 300w, https:\/\/extension.unvm.edu.ar\/wp-content\/uploads\/2021\/02\/CONVOCATORIAS-21-NONINO-02-80x80.png 80w, https:\/\/extension.unvm.edu.ar\/wp-content\/uploads\/2021\/02\/CONVOCATORIAS-21-NONINO-02-768x768.png 768w, https:\/\/extension.unvm.edu.ar\/wp-content\/uploads\/2021\/02\/CONVOCATORIAS-21-NONINO-02-1030x1030.png 1030w, https:\/\/extension.unvm.edu.ar\/wp-content\/uploads\/2021\/02\/CONVOCATORIAS-21-NONINO-02-36x36.png 36w, https:\/\/extension.unvm.edu.ar\/wp-content\/uploads\/2021\/02\/CONVOCATORIAS-21-NONINO-02-180x180.png 180w, https:\/\/extension.unvm.edu.ar\/wp-content\/uploads\/2021\/02\/CONVOCATORIAS-21-NONINO-02-1500x1500.png 1500w, https:\/\/extension.unvm.edu.ar\/wp-content\/uploads\/2021\/02\/CONVOCATORIAS-21-NONINO-02-705x705.png 705w, https:\/\/extension.unvm.edu.ar\/wp-content\/uploads\/2021\/02\/CONVOCATORIAS-21-NONINO-02-120x120.png 120w, https:\/\/extension.unvm.edu.ar\/wp-content\/uploads\/2021\/02\/CONVOCATORIAS-21-NONINO-02-450x450.png 450w\" sizes=\"(max-width: 300px) 100vw, 300px\" \/> <img loading=\"lazy\" decoding=\"async\" class=\"alignnone size-medium wp-image-15863\" src=\"https:\/\/extension.unvm.edu.ar\/wp-content\/uploads\/2021\/02\/CONVOCATORIAS-21-03-300x300.png\" alt=\"\" width=\"300\" height=\"300\" srcset=\"https:\/\/extension.unvm.edu.ar\/wp-content\/uploads\/2021\/02\/CONVOCATORIAS-21-03-300x300.png 300w, https:\/\/extension.unvm.edu.ar\/wp-content\/uploads\/2021\/02\/CONVOCATORIAS-21-03-80x80.png 80w, https:\/\/extension.unvm.edu.ar\/wp-content\/uploads\/2021\/02\/CONVOCATORIAS-21-03-768x768.png 768w, https:\/\/extension.unvm.edu.ar\/wp-content\/uploads\/2021\/02\/CONVOCATORIAS-21-03-1030x1030.png 1030w, https:\/\/extension.unvm.edu.ar\/wp-content\/uploads\/2021\/02\/CONVOCATORIAS-21-03-36x36.png 36w, https:\/\/extension.unvm.edu.ar\/wp-content\/uploads\/2021\/02\/CONVOCATORIAS-21-03-180x180.png 180w, https:\/\/extension.unvm.edu.ar\/wp-content\/uploads\/2021\/02\/CONVOCATORIAS-21-03-705x705.png 705w, https:\/\/extension.unvm.edu.ar\/wp-content\/uploads\/2021\/02\/CONVOCATORIAS-21-03-120x120.png 120w, https:\/\/extension.unvm.edu.ar\/wp-content\/uploads\/2021\/02\/CONVOCATORIAS-21-03-450x450.png 450w, https:\/\/extension.unvm.edu.ar\/wp-content\/uploads\/2021\/02\/CONVOCATORIAS-21-03.png 1080w\" sizes=\"(max-width: 300px) 100vw, 300px\" \/> <img loading=\"lazy\" decoding=\"async\" class=\"alignnone size-medium wp-image-15864\" src=\"https:\/\/extension.unvm.edu.ar\/wp-content\/uploads\/2021\/02\/CONVOCATORIAS-21-04-300x300.png\" alt=\"\" width=\"300\" height=\"300\" srcset=\"https:\/\/extension.unvm.edu.ar\/wp-content\/uploads\/2021\/02\/CONVOCATORIAS-21-04-300x300.png 300w, https:\/\/extension.unvm.edu.ar\/wp-content\/uploads\/2021\/02\/CONVOCATORIAS-21-04-80x80.png 80w, https:\/\/extension.unvm.edu.ar\/wp-content\/uploads\/2021\/02\/CONVOCATORIAS-21-04-768x768.png 768w, https:\/\/extension.unvm.edu.ar\/wp-content\/uploads\/2021\/02\/CONVOCATORIAS-21-04-1030x1030.png 1030w, https:\/\/extension.unvm.edu.ar\/wp-content\/uploads\/2021\/02\/CONVOCATORIAS-21-04-36x36.png 36w, https:\/\/extension.unvm.edu.ar\/wp-content\/uploads\/2021\/02\/CONVOCATORIAS-21-04-180x180.png 180w, https:\/\/extension.unvm.edu.ar\/wp-content\/uploads\/2021\/02\/CONVOCATORIAS-21-04-705x705.png 705w, https:\/\/extension.unvm.edu.ar\/wp-content\/uploads\/2021\/02\/CONVOCATORIAS-21-04-120x120.png 120w, https:\/\/extension.unvm.edu.ar\/wp-content\/uploads\/2021\/02\/CONVOCATORIAS-21-04-450x450.png 450w, https:\/\/extension.unvm.edu.ar\/wp-content\/uploads\/2021\/02\/CONVOCATORIAS-21-04.png 1080w\" sizes=\"(max-width: 300px) 100vw, 300px\" \/> <img loading=\"lazy\" decoding=\"async\" class=\"alignnone size-medium wp-image-15865\" src=\"https:\/\/extension.unvm.edu.ar\/wp-content\/uploads\/2021\/02\/CONVOCATORIAS-21-06-300x300.png\" alt=\"\" width=\"300\" height=\"300\" srcset=\"https:\/\/extension.unvm.edu.ar\/wp-content\/uploads\/2021\/02\/CONVOCATORIAS-21-06-300x300.png 300w, https:\/\/extension.unvm.edu.ar\/wp-content\/uploads\/2021\/02\/CONVOCATORIAS-21-06-80x80.png 80w, https:\/\/extension.unvm.edu.ar\/wp-content\/uploads\/2021\/02\/CONVOCATORIAS-21-06-768x768.png 768w, https:\/\/extension.unvm.edu.ar\/wp-content\/uploads\/2021\/02\/CONVOCATORIAS-21-06-1030x1030.png 1030w, https:\/\/extension.unvm.edu.ar\/wp-content\/uploads\/2021\/02\/CONVOCATORIAS-21-06-36x36.png 36w, https:\/\/extension.unvm.edu.ar\/wp-content\/uploads\/2021\/02\/CONVOCATORIAS-21-06-180x180.png 180w, https:\/\/extension.unvm.edu.ar\/wp-content\/uploads\/2021\/02\/CONVOCATORIAS-21-06-705x705.png 705w, https:\/\/extension.unvm.edu.ar\/wp-content\/uploads\/2021\/02\/CONVOCATORIAS-21-06-120x120.png 120w, https:\/\/extension.unvm.edu.ar\/wp-content\/uploads\/2021\/02\/CONVOCATORIAS-21-06-450x450.png 450w, https:\/\/extension.unvm.edu.ar\/wp-content\/uploads\/2021\/02\/CONVOCATORIAS-21-06.png 1080w\" sizes=\"(max-width: 300px) 100vw, 300px\" \/> <img loading=\"lazy\" decoding=\"async\" class=\"alignnone size-medium wp-image-15866\" src=\"https:\/\/extension.unvm.edu.ar\/wp-content\/uploads\/2021\/02\/CONVOCATORIAS-21-07-300x300.png\" alt=\"\" width=\"300\" height=\"300\" srcset=\"https:\/\/extension.unvm.edu.ar\/wp-content\/uploads\/2021\/02\/CONVOCATORIAS-21-07-300x300.png 300w, https:\/\/extension.unvm.edu.ar\/wp-content\/uploads\/2021\/02\/CONVOCATORIAS-21-07-80x80.png 80w, https:\/\/extension.unvm.edu.ar\/wp-content\/uploads\/2021\/02\/CONVOCATORIAS-21-07-768x769.png 768w, https:\/\/extension.unvm.edu.ar\/wp-content\/uploads\/2021\/02\/CONVOCATORIAS-21-07-1030x1030.png 1030w, https:\/\/extension.unvm.edu.ar\/wp-content\/uploads\/2021\/02\/CONVOCATORIAS-21-07-36x36.png 36w, https:\/\/extension.unvm.edu.ar\/wp-content\/uploads\/2021\/02\/CONVOCATORIAS-21-07-180x180.png 180w, https:\/\/extension.unvm.edu.ar\/wp-content\/uploads\/2021\/02\/CONVOCATORIAS-21-07-705x705.png 705w, https:\/\/extension.unvm.edu.ar\/wp-content\/uploads\/2021\/02\/CONVOCATORIAS-21-07-120x120.png 120w, https:\/\/extension.unvm.edu.ar\/wp-content\/uploads\/2021\/02\/CONVOCATORIAS-21-07-450x450.png 450w, https:\/\/extension.unvm.edu.ar\/wp-content\/uploads\/2021\/02\/CONVOCATORIAS-21-07.png 1080w\" sizes=\"(max-width: 300px) 100vw, 300px\" \/><\/p>\n","protected":false},"excerpt":{"rendered":"<p>Se ofrecer\u00e1n diversas propuestas para audicionar en los grupos art\u00edsticos estables que pertenecen al Instituto de Extensi\u00f3n. Los encuentros comenzar\u00e1n en marzo. Los Elencos Estables Coro Nonino, Coro de Adultos Mayores (CORAM), Coro de Ni\u00f1os y Ni\u00f1as, Orquesta Escuela de Tango \u201cLa Cabulera\u201d, Danzamble y el Ballet Folkl\u00f3rico Universitario de la Universidad Nacional Villa Mar\u00eda [&hellip;]<\/p>\n","protected":false},"author":12,"featured_media":15856,"comment_status":"closed","ping_status":"closed","sticky":false,"template":"","format":"standard","meta":{"_exactmetrics_skip_tracking":false,"_exactmetrics_sitenote_active":false,"_exactmetrics_sitenote_note":"","_exactmetrics_sitenote_category":0,"footnotes":""},"categories":[36,2],"tags":[],"class_list":["post-15850","post","type-post","status-publish","format-standard","has-post-thumbnail","hentry","category-elencos","category-novedades"],"_links":{"self":[{"href":"https:\/\/extension.unvm.edu.ar\/index.php?rest_route=\/wp\/v2\/posts\/15850"}],"collection":[{"href":"https:\/\/extension.unvm.edu.ar\/index.php?rest_route=\/wp\/v2\/posts"}],"about":[{"href":"https:\/\/extension.unvm.edu.ar\/index.php?rest_route=\/wp\/v2\/types\/post"}],"author":[{"embeddable":true,"href":"https:\/\/extension.unvm.edu.ar\/index.php?rest_route=\/wp\/v2\/users\/12"}],"replies":[{"embeddable":true,"href":"https:\/\/extension.unvm.edu.ar\/index.php?rest_route=%2Fwp%2Fv2%2Fcomments&post=15850"}],"version-history":[{"count":6,"href":"https:\/\/extension.unvm.edu.ar\/index.php?rest_route=\/wp\/v2\/posts\/15850\/revisions"}],"predecessor-version":[{"id":15867,"href":"https:\/\/extension.unvm.edu.ar\/index.php?rest_route=\/wp\/v2\/posts\/15850\/revisions\/15867"}],"wp:featuredmedia":[{"embeddable":true,"href":"https:\/\/extension.unvm.edu.ar\/index.php?rest_route=\/wp\/v2\/media\/15856"}],"wp:attachment":[{"href":"https:\/\/extension.unvm.edu.ar\/index.php?rest_route=%2Fwp%2Fv2%2Fmedia&parent=15850"}],"wp:term":[{"taxonomy":"category","embeddable":true,"href":"https:\/\/extension.unvm.edu.ar\/index.php?rest_route=%2Fwp%2Fv2%2Fcategories&post=15850"},{"taxonomy":"post_tag","embeddable":true,"href":"https:\/\/extension.unvm.edu.ar\/index.php?rest_route=%2Fwp%2Fv2%2Ftags&post=15850"}],"curies":[{"name":"wp","href":"https:\/\/api.w.org\/{rel}","templated":true}]}}