{"id":15708,"date":"2021-02-12T00:27:14","date_gmt":"2021-02-12T00:27:14","guid":{"rendered":"https:\/\/extension.unvm.edu.ar\/?p=15708"},"modified":"2021-02-12T02:04:47","modified_gmt":"2021-02-12T02:04:47","slug":"se-presento-la-tercera-convocatoria-para-participar-en-el-programa-incubadora-de-empresas","status":"publish","type":"post","link":"https:\/\/extension.unvm.edu.ar\/?p=15708","title":{"rendered":"Se present\u00f3 la tercera convocatoria para participar en el Programa Incubadora de Empresas"},"content":{"rendered":"<div align=\"justify\">\n<p><em>El subprograma de UNIPYMES del Instituto de Extensi\u00f3n de la UNVM, comenzar\u00e1 con la formaci\u00f3n y asistencia t\u00e9cnica a emprendimientos de base productiva, cient\u00edfico, tecnol\u00f3gica y cultural de Villa Mar\u00eda y la Regi\u00f3n. Los proyectos deber\u00e1n presentarse antes del 8 de marzo.<\/em><\/p>\n<p>El Programa Incubadora de Empresas perteneciente a la Direcci\u00f3n de Transferencia Cient\u00edfica-Tecnol\u00f3gica, del Instituto de Extensi\u00f3n, present\u00f3 la tercera convocatoria que consiste en la formaci\u00f3n y asistencia t\u00e9cnica a emprendimientos de \u00edndole productiva, cient\u00edfico, tecnol\u00f3gica y cultural.<\/p>\n<p>Los\/as interesados a participar de la incubaci\u00f3n, tienen tiempo de presentar el proyecto hasta el lunes 8 de marzo.<\/p>\n<p><strong>\u00bfEn qu\u00e9 consiste la incubaci\u00f3n?<\/strong><\/p>\n<p>Implica un acompa\u00f1amiento durante el a\u00f1o acad\u00e9mico 2021, brindando servicio de asesor\u00eda en gesti\u00f3n, modelado de negocio, vinculaci\u00f3n con el entramado productivo, mentoreo y capacitaciones interdisciplinarias.<\/p>\n<p>El m\u00e9todo de selecci\u00f3n se basa en la presentaci\u00f3n de la idea proyecto \u2013 modelo de negocio. Los pre-seleccionados pasan a instancia de entrevista con presentaci\u00f3n de modelo de negocio ante jurado especializado. El proceso de pre-incubaci\u00f3n se realiza en paralelo con el Taller de la Idea al Negocio.<\/p>\n<p><strong>Programa de Mentor\u00eda<\/strong><\/p>\n<p>El Programa de Mentor\u00eda de la Incubadora de Empresas, pretende contar con un mentor general de dicho programa, como as\u00ed tambi\u00e9n con un mentor espec\u00edfico para los tres perfiles de emprendimientos buscados (base productiva, cultural, cient\u00edfico\/tecnol\u00f3gica).<\/p>\n<p>El mentor general es el emprendedor villamariense, CEO &amp; CO \u2013 Founder de \u201cSmart Learning IL\u201d y CEO de \u201cAprende Hebreo\u201d, Francisco Marinaro.<\/p>\n<p>Cabe mencionar, que se pretende que los mentores se vean acompa\u00f1ados por una comunidad o red de asesores e investigadores especialistas en distintas tem\u00e1ticas:\u00a0 Comercio Exterior e Internacionalizaci\u00f3n de empresas; Comercializaci\u00f3n y Ventas; Mejora de Procesos; Marketing; Marketing Digital; Planificaci\u00f3n Estrat\u00e9gica; Plan de Negocios; Modelado de Negocios; RRHH y Liderazgo; Aspectos Legales , Contables e Impositivos; Herramientas Financieras; Costos y Fijaci\u00f3n de Precios; Propiedad Intelectual; Vigilancia Tecnol\u00f3gica; An\u00e1lisis y Evaluaci\u00f3n de Proyectos de Inversi\u00f3n; entre otros.<\/p>\n<p>Los mismos deber\u00e1n brindarles un m\u00ednimo de 2 horas mensuales a cada proyecto mentoreado (virtual o presencial).<\/p>\n<p>Formularios de inscripci\u00f3n: <a href=\"https:\/\/docs.google.com\/forms\/d\/e\/1FAIpQLScUNTAWvjJYOhO0gwCRv5IUUc_LTm_yBqyH0p9jXHUeTez1hg\/viewform\">Ingresa ac\u00e1<\/a><\/p>\n<p>Para consultas: <a href=\"mailto:transferenciaunvm@gmail.com\">transferenciaunvm@gmail.com<\/a>.<\/p>\n<\/div>\n","protected":false},"excerpt":{"rendered":"<p>El subprograma de UNIPYMES del Instituto de Extensi\u00f3n de la UNVM, comenzar\u00e1 con la formaci\u00f3n y asistencia t\u00e9cnica a emprendimientos de base productiva, cient\u00edfico, tecnol\u00f3gica y cultural de Villa Mar\u00eda y la Regi\u00f3n. Los proyectos deber\u00e1n presentarse antes del 8 de marzo. El Programa Incubadora de Empresas perteneciente a la Direcci\u00f3n de Transferencia Cient\u00edfica-Tecnol\u00f3gica, del [&hellip;]<\/p>\n","protected":false},"author":12,"featured_media":12066,"comment_status":"closed","ping_status":"closed","sticky":false,"template":"","format":"standard","meta":{"_exactmetrics_skip_tracking":false,"_exactmetrics_sitenote_active":false,"_exactmetrics_sitenote_note":"","_exactmetrics_sitenote_category":0,"footnotes":""},"categories":[2],"tags":[],"class_list":["post-15708","post","type-post","status-publish","format-standard","has-post-thumbnail","hentry","category-novedades"],"_links":{"self":[{"href":"https:\/\/extension.unvm.edu.ar\/index.php?rest_route=\/wp\/v2\/posts\/15708"}],"collection":[{"href":"https:\/\/extension.unvm.edu.ar\/index.php?rest_route=\/wp\/v2\/posts"}],"about":[{"href":"https:\/\/extension.unvm.edu.ar\/index.php?rest_route=\/wp\/v2\/types\/post"}],"author":[{"embeddable":true,"href":"https:\/\/extension.unvm.edu.ar\/index.php?rest_route=\/wp\/v2\/users\/12"}],"replies":[{"embeddable":true,"href":"https:\/\/extension.unvm.edu.ar\/index.php?rest_route=%2Fwp%2Fv2%2Fcomments&post=15708"}],"version-history":[{"count":5,"href":"https:\/\/extension.unvm.edu.ar\/index.php?rest_route=\/wp\/v2\/posts\/15708\/revisions"}],"predecessor-version":[{"id":15820,"href":"https:\/\/extension.unvm.edu.ar\/index.php?rest_route=\/wp\/v2\/posts\/15708\/revisions\/15820"}],"wp:featuredmedia":[{"embeddable":true,"href":"https:\/\/extension.unvm.edu.ar\/index.php?rest_route=\/wp\/v2\/media\/12066"}],"wp:attachment":[{"href":"https:\/\/extension.unvm.edu.ar\/index.php?rest_route=%2Fwp%2Fv2%2Fmedia&parent=15708"}],"wp:term":[{"taxonomy":"category","embeddable":true,"href":"https:\/\/extension.unvm.edu.ar\/index.php?rest_route=%2Fwp%2Fv2%2Fcategories&post=15708"},{"taxonomy":"post_tag","embeddable":true,"href":"https:\/\/extension.unvm.edu.ar\/index.php?rest_route=%2Fwp%2Fv2%2Ftags&post=15708"}],"curies":[{"name":"wp","href":"https:\/\/api.w.org\/{rel}","templated":true}]}}