{"id":15698,"date":"2021-02-11T23:07:01","date_gmt":"2021-02-11T23:07:01","guid":{"rendered":"https:\/\/extension.unvm.edu.ar\/?p=15698"},"modified":"2021-02-11T23:07:12","modified_gmt":"2021-02-11T23:07:12","slug":"comenzo-el-censo-comercial-en-villa-nueva-a-cargo-del-oir","status":"publish","type":"post","link":"https:\/\/extension.unvm.edu.ar\/?p=15698","title":{"rendered":"Comenz\u00f3 el Censo Comercial en Villa Nueva a cargo del OIR"},"content":{"rendered":"<div align=\"justify\">\n<p><em>El Observatorio Integral de la Regi\u00f3n (OIR) perteneciente al Instituto de Extensi\u00f3n de la UNVM, ser\u00e1 el responsable del trabajo de campo. El objetivo de esta iniciativa, es obtener informaci\u00f3n espec\u00edfica sobre cada rubro comercial, caracter\u00edsticas, necesidades, situaci\u00f3n actual y perspectivas.<\/em><\/p>\n<p>El Censo Comercial de Villa Nueva 2021 (CCVN 2021), es una iniciativa del Centro Comercial, Industrial, de Producci\u00f3n y Servicios de Villa Nueva (Cecips), que cuenta con la participaci\u00f3n de la Federaci\u00f3n Comercial de C\u00f3rdoba (FEDECOM) y la Universidad Nacional Villa Mar\u00eda (UNVM), a trav\u00e9s del OIR.<\/p>\n<p>El objetivo del Censo es obtener informaci\u00f3n espec\u00edfica sobre cada rubro comercial, sus caracter\u00edsticas, necesidades, situaci\u00f3n actual y perspectivas. Esto les permitir\u00e1 realizar un diagn\u00f3stico profundo del sector y avanzar en el dise\u00f1o y gesti\u00f3n de pol\u00edticas m\u00e1s eficientes, basadas en informaci\u00f3n confiable.<\/p>\n<p>Siendo FEDECOM el encargado del dise\u00f1o del cuestionario y el procesamiento de los resultados, el OIR ser\u00e1 el responsable del trabajo de campo, etapa que incluye el dise\u00f1o, organizaci\u00f3n, ejecuci\u00f3n y coordinaci\u00f3n del listado de comercios y el censo en s\u00ed, la capacitaci\u00f3n de encuestadores. Adem\u00e1s, de colaborar en menor medida, en el dise\u00f1o del cuestionario y el procesamiento de los resultados.<\/p>\n<p>Este Censo, ser\u00e1 el primer relevamiento de estas caracter\u00edsticas en la provincia de C\u00f3rdoba, que tendr\u00e1 lugar entre el 25 de enero y el 28 de febrero.<\/p>\n<p>En lo que respecta al recorrido, comenzar\u00e1 por el Barrio 17, que abarca el centro y Villa del Parque. En total, contempla un barrido urbano de m\u00e1s de 500 manzanas y luego el Censo a unos 600 establecimientos comerciales. Se utilizar\u00e1 metodolog\u00eda con soporte telef\u00f3nico y tambi\u00e9n con papel.<\/p>\n<p>Adem\u00e1s, a los locales encuestados se les colocar\u00e1 una calcoman\u00eda, que permitir\u00e1 dejar abierta la posibilidad de incorporar informaci\u00f3n de comercios e industrias que se vayan sumando y, a su vez, har\u00e1 una actualizaci\u00f3n de datos en tiempo real.<\/p>\n<p>Cabe mencionar que el Cecips resguarda los datos relevados, protegidos por la Ley Provincial N\u00b0 5454. Esa informaci\u00f3n es confidencial y no se puede utilizar para otro fin.<\/p>\n<\/div>\n","protected":false},"excerpt":{"rendered":"<p>El Observatorio Integral de la Regi\u00f3n (OIR) perteneciente al Instituto de Extensi\u00f3n de la UNVM, ser\u00e1 el responsable del trabajo de campo. El objetivo de esta iniciativa, es obtener informaci\u00f3n espec\u00edfica sobre cada rubro comercial, caracter\u00edsticas, necesidades, situaci\u00f3n actual y perspectivas. El Censo Comercial de Villa Nueva 2021 (CCVN 2021), es una iniciativa del Centro [&hellip;]<\/p>\n","protected":false},"author":12,"featured_media":15703,"comment_status":"closed","ping_status":"closed","sticky":false,"template":"","format":"standard","meta":{"_exactmetrics_skip_tracking":false,"_exactmetrics_sitenote_active":false,"_exactmetrics_sitenote_note":"","_exactmetrics_sitenote_category":0,"footnotes":""},"categories":[2],"tags":[],"class_list":["post-15698","post","type-post","status-publish","format-standard","has-post-thumbnail","hentry","category-novedades"],"_links":{"self":[{"href":"https:\/\/extension.unvm.edu.ar\/index.php?rest_route=\/wp\/v2\/posts\/15698"}],"collection":[{"href":"https:\/\/extension.unvm.edu.ar\/index.php?rest_route=\/wp\/v2\/posts"}],"about":[{"href":"https:\/\/extension.unvm.edu.ar\/index.php?rest_route=\/wp\/v2\/types\/post"}],"author":[{"embeddable":true,"href":"https:\/\/extension.unvm.edu.ar\/index.php?rest_route=\/wp\/v2\/users\/12"}],"replies":[{"embeddable":true,"href":"https:\/\/extension.unvm.edu.ar\/index.php?rest_route=%2Fwp%2Fv2%2Fcomments&post=15698"}],"version-history":[{"count":5,"href":"https:\/\/extension.unvm.edu.ar\/index.php?rest_route=\/wp\/v2\/posts\/15698\/revisions"}],"predecessor-version":[{"id":15713,"href":"https:\/\/extension.unvm.edu.ar\/index.php?rest_route=\/wp\/v2\/posts\/15698\/revisions\/15713"}],"wp:featuredmedia":[{"embeddable":true,"href":"https:\/\/extension.unvm.edu.ar\/index.php?rest_route=\/wp\/v2\/media\/15703"}],"wp:attachment":[{"href":"https:\/\/extension.unvm.edu.ar\/index.php?rest_route=%2Fwp%2Fv2%2Fmedia&parent=15698"}],"wp:term":[{"taxonomy":"category","embeddable":true,"href":"https:\/\/extension.unvm.edu.ar\/index.php?rest_route=%2Fwp%2Fv2%2Fcategories&post=15698"},{"taxonomy":"post_tag","embeddable":true,"href":"https:\/\/extension.unvm.edu.ar\/index.php?rest_route=%2Fwp%2Fv2%2Ftags&post=15698"}],"curies":[{"name":"wp","href":"https:\/\/api.w.org\/{rel}","templated":true}]}}