{"id":15139,"date":"2020-12-30T15:53:32","date_gmt":"2020-12-30T15:53:32","guid":{"rendered":"https:\/\/extension.unvm.edu.ar\/?p=15139"},"modified":"2020-12-30T18:17:53","modified_gmt":"2020-12-30T18:17:53","slug":"el-2020-fue-un-ano-de-muchas-oportunidades-para-extension","status":"publish","type":"post","link":"https:\/\/extension.unvm.edu.ar\/?p=15139","title":{"rendered":"\u201cEl 2020 fue un a\u00f1o de muchas oportunidades para Extensi\u00f3n\u201d"},"content":{"rendered":"<div align=\"justify\">\n<p><em>Expres\u00f3 la directora Gabriela Redondo, quien hizo hincapi\u00e9 en las nuevas articulaciones, transformaciones en la manera de trabajar y consolidaciones de nuevos lazos con diversas instituciones.<\/em><\/p>\n<p>En di\u00e1logo con la directora del Instituto de Extensi\u00f3n de la Universidad Nacional Villa Mar\u00eda (UNVM), lic. Gabriela Redondo, hizo un balance sobre el 2020, un a\u00f1o atravesado por la crisis sanitaria causada por el Covid-19.<\/p>\n<p>\u201cFinaliza un a\u00f1o que quedar\u00e1 grabado en nuestra memoria para siempre\u201d, expres\u00f3 Redondo y continu\u00f3: \u201cRecorriendo lo transitado, podemos decir hoy, que fue un 2020 de muchas oportunidades para Extensi\u00f3n\u201d, haciendo referencia a la transformaci\u00f3n en la forma de trabajar, adem\u00e1s, articulaciones y consolidaciones de nuevos lazos con diversas instituciones.<\/p>\n<p>\u201cPudimos asumir el desaf\u00edo de mudarnos a la virtualidad, casi completamente en todos nuestros programas, y el alcance de los mismos fue excelente\u201d, afirm\u00f3.<\/p>\n<p>Tal es el caso del PEUAM, que se adapt\u00f3 de manera online, creando el grupo de Facebook \u201cEl PEUAM en Casa\u201d. El mismo, cont\u00f3 con la realizaci\u00f3n de talleres y diversas actividades de formaci\u00f3n y recreaci\u00f3n, en las que participaron m\u00e1s de 700 adultos\/as mayores.<\/p>\n<p>Adem\u00e1s, se cre\u00f3 el \u00c1rea de Formaci\u00f3n Continua, un espacio que permite la realizaci\u00f3n de diferentes capacitaciones, cursos, talleres y diplomaturas. En total, este a\u00f1o se cont\u00f3 con la asistencia de m\u00e1s de 3000 personas de la ciudad y localidades vecinas, interesadas en las tem\u00e1ticas.<\/p>\n<p>En lo que respecta a la Direcci\u00f3n de Transferencia Cient\u00edfico-Tecnol\u00f3gica, se llevaron a cabo jornadas de asesoramiento, seminarios y charlas destinadas a emprendedores\/as, junto a la participaci\u00f3n en el Programa de Competitividad de Econom\u00edas Regionales de la SPU. Por su parte, el Observatorio Integral de la Regi\u00f3n (OIR), trabaj\u00f3 en diferentes proyectos, como los \u201c25 datos, 25 a\u00f1os\u201d, Censo de Graduados\/as y programas e informes.<\/p>\n<p>Se realizaron ciclos de capacitaci\u00f3n y Festivales Virtuales en el marco del proyecto villamariense Territorios Creativos. Y, desde los Elencos Estables se desarrollaron jornadas en vivo, a fin de abordar diversas problem\u00e1ticas sobre el trabajo de cuerpos art\u00edsticos y la realidad en pandemia y, adem\u00e1s, se present\u00f3 la Muestra Esencia, un ciclo de producciones audiovisuales.<\/p>\n<p>Cabe mencionar, que se promovieron acciones de voluntariado con otras \u00e1reas de la UNVM, que permitieron al personal docente, nodocente, estudiantes y autoridades, sumarse a equipos de trabajo de distintas instituciones de la ciudad. A su vez, representantes del Instituto participaron de encuentros de la Red Nacional de Extensi\u00f3n Universitaria (REXUNI) y formaron parte de reuniones de la Red Argentina de Gesti\u00f3n Cultural.<\/p>\n<p>Por \u00faltimo, la directora manifest\u00f3 su reconocimiento y agradecimiento al equipo que constituye el Instituto de Extensi\u00f3n y a la UNVM en general, y concluy\u00f3: \u201cEl 2021 nos encontrar\u00e1 transformados, quiz\u00e1 un poco m\u00e1s sabios y fortalecidos para nuevos desaf\u00edos con compromiso y responsabilidad\u201d.<\/p>\n<\/div>\n","protected":false},"excerpt":{"rendered":"<p>Expres\u00f3 la directora Gabriela Redondo, quien hizo hincapi\u00e9 en las nuevas articulaciones, transformaciones en la manera de trabajar y consolidaciones de nuevos lazos con diversas instituciones. En di\u00e1logo con la directora del Instituto de Extensi\u00f3n de la Universidad Nacional Villa Mar\u00eda (UNVM), lic. Gabriela Redondo, hizo un balance sobre el 2020, un a\u00f1o atravesado por [&hellip;]<\/p>\n","protected":false},"author":12,"featured_media":15151,"comment_status":"closed","ping_status":"closed","sticky":false,"template":"","format":"standard","meta":{"_exactmetrics_skip_tracking":false,"_exactmetrics_sitenote_active":false,"_exactmetrics_sitenote_note":"","_exactmetrics_sitenote_category":0,"footnotes":""},"categories":[2],"tags":[],"class_list":["post-15139","post","type-post","status-publish","format-standard","has-post-thumbnail","hentry","category-novedades"],"_links":{"self":[{"href":"https:\/\/extension.unvm.edu.ar\/index.php?rest_route=\/wp\/v2\/posts\/15139"}],"collection":[{"href":"https:\/\/extension.unvm.edu.ar\/index.php?rest_route=\/wp\/v2\/posts"}],"about":[{"href":"https:\/\/extension.unvm.edu.ar\/index.php?rest_route=\/wp\/v2\/types\/post"}],"author":[{"embeddable":true,"href":"https:\/\/extension.unvm.edu.ar\/index.php?rest_route=\/wp\/v2\/users\/12"}],"replies":[{"embeddable":true,"href":"https:\/\/extension.unvm.edu.ar\/index.php?rest_route=%2Fwp%2Fv2%2Fcomments&post=15139"}],"version-history":[{"count":7,"href":"https:\/\/extension.unvm.edu.ar\/index.php?rest_route=\/wp\/v2\/posts\/15139\/revisions"}],"predecessor-version":[{"id":15702,"href":"https:\/\/extension.unvm.edu.ar\/index.php?rest_route=\/wp\/v2\/posts\/15139\/revisions\/15702"}],"wp:featuredmedia":[{"embeddable":true,"href":"https:\/\/extension.unvm.edu.ar\/index.php?rest_route=\/wp\/v2\/media\/15151"}],"wp:attachment":[{"href":"https:\/\/extension.unvm.edu.ar\/index.php?rest_route=%2Fwp%2Fv2%2Fmedia&parent=15139"}],"wp:term":[{"taxonomy":"category","embeddable":true,"href":"https:\/\/extension.unvm.edu.ar\/index.php?rest_route=%2Fwp%2Fv2%2Fcategories&post=15139"},{"taxonomy":"post_tag","embeddable":true,"href":"https:\/\/extension.unvm.edu.ar\/index.php?rest_route=%2Fwp%2Fv2%2Ftags&post=15139"}],"curies":[{"name":"wp","href":"https:\/\/api.w.org\/{rel}","templated":true}]}}