{"id":14160,"date":"2020-12-18T20:14:29","date_gmt":"2020-12-18T20:14:29","guid":{"rendered":"https:\/\/extension.unvm.edu.ar\/?p=14160"},"modified":"2020-12-18T20:33:59","modified_gmt":"2020-12-18T20:33:59","slug":"comenzara-el-programa-mi-cuerpo-mi-casa","status":"publish","type":"post","link":"https:\/\/extension.unvm.edu.ar\/?p=14160","title":{"rendered":"Comenzar\u00e1 el programa \u201cMi Cuerpo Mi Casa\u201d"},"content":{"rendered":"<div align=\"justify\">\n<p><em>Es una propuesta de verano que consiste en la divulgaci\u00f3n de actividades de diversas tem\u00e1ticas, de manera audiovisual y auditiva. Iniciar\u00e1 en enero y ser\u00e1 de acceso gratuito para todas las edades.<\/em><\/p>\n<p>El Instituto de Extensi\u00f3n de la Universidad Nacional Villa Mar\u00eda (UNVM), invita a sumarse al programa \u201cMi Cuerpo, Mi Casa\u201d, que comenzar\u00e1 el pr\u00f3ximo 4 de enero. Ser\u00e1 de manera virtual, a trav\u00e9s de diversos canales de difusi\u00f3n como Instagram, Facebook, YouTube, WhatsApp y la p\u00e1gina Web del Instituto.<\/p>\n<p>\u201cMi Cuerpo, Mi Casa\u201d es un programa que propone una pausa en el tiempo y un intervalo en el espacio, un momento para conectar con uno mismo. Los contenidos que se divulgar\u00e1n, prev\u00e9n t\u00e9cnicas de relajaci\u00f3n, meditaci\u00f3n, movimientos corporales, lenguajes art\u00edsticos, con el objetivo de acompa\u00f1ar, contener y educar a la comunidad.<\/p>\n<p>Con respecto a las actividades, que fueron pensadas a partir de la disposici\u00f3n del distanciamiento f\u00edsico, consisten, por un lado, en 10 instancias de producciones audiovisuales, entre ellas: Taichi (N\u00e9stor De Gennaro); Yoga (Agustina Castagnoli); Pausas Saludables (Evangelina Roberto); Ritmos Latinos (Ail\u00edn Lugo); Tango Sal\u00f3n (Yanina Zanellato); Folklore (Carina Bonoris y Zulma Altamirano); Creando Arte (\u00c1ngeles Basualdo); En movimiento (Celeste Barrionuevo); Huerta y Jardiner\u00eda (Favio Reano) y Magia y Diversi\u00f3n (Ramiro Chumy Chanqu\u00eda).<\/p>\n<p>Por otro lado, tambi\u00e9n se compartir\u00e1n en las redes sociales, video tutoriales animados, con tem\u00e1ticas relacionadas al cuidado del propio cuerpo y del medio ambiente. Adem\u00e1s, se difundir\u00e1n a trav\u00e9s de WhatsApp, audiocuentos para todas las edades. Con tem\u00e1ticas como Respiraci\u00f3n, Leyendas Argentinas, Cuentos de Terror para j\u00f3venes y ni\u00f1os\/as y Cuentos policiales para adultos\/as.<\/p>\n<p><strong>\u00a1Se parte de este verano en Extensi\u00f3n!<\/strong><\/p>\n<p>Para recibir los audiocuentos unite a nuestros grupos de WhatsApp:<\/p>\n<p>&#8211;<a href=\"https:\/\/chat.whatsapp.com\/FfvsZ3doaAYIgKB5vb4rTi\">Respiraci\u00f3n<\/a><\/p>\n<p>&#8211;<a href=\"https:\/\/chat.whatsapp.com\/K4KctLytIA0FDHHp1h6B3k\">Leyendas Argentinas<\/a><\/p>\n<p>&#8211;<a href=\"https:\/\/chat.whatsapp.com\/Bgw1hkQmlQ02XsXuYUnDrd\">Cuentos de terror<\/a><\/p>\n<p>&#8211;<a href=\"https:\/\/chat.whatsapp.com\/GQFM0fwgUunB2H8VXPRXLz\">Cuentos policiales para adultos\/as\u00a0<\/a><\/p>\n<p>Adem\u00e1s, seguinos en nuestras redes para ver todo el contenido audiovisual:<\/p>\n<p>Instagram y Facebook: extensionunvm<\/p>\n<p>Canal de YouTube: <a href=\"https:\/\/www.youtube.com\/channel\/UCn0XexZnP0-Ct5S35CVyqRw\">Instituto de Extensi\u00f3n UNVM<\/a><\/p>\n<\/div>\n","protected":false},"excerpt":{"rendered":"<p>Es una propuesta de verano que consiste en la divulgaci\u00f3n de actividades de diversas tem\u00e1ticas, de manera audiovisual y auditiva. Iniciar\u00e1 en enero y ser\u00e1 de acceso gratuito para todas las edades. El Instituto de Extensi\u00f3n de la Universidad Nacional Villa Mar\u00eda (UNVM), invita a sumarse al programa \u201cMi Cuerpo, Mi Casa\u201d, que comenzar\u00e1 el [&hellip;]<\/p>\n","protected":false},"author":12,"featured_media":14163,"comment_status":"closed","ping_status":"closed","sticky":false,"template":"","format":"standard","meta":{"_exactmetrics_skip_tracking":false,"_exactmetrics_sitenote_active":false,"_exactmetrics_sitenote_note":"","_exactmetrics_sitenote_category":0,"footnotes":""},"categories":[2],"tags":[],"class_list":["post-14160","post","type-post","status-publish","format-standard","has-post-thumbnail","hentry","category-novedades"],"_links":{"self":[{"href":"https:\/\/extension.unvm.edu.ar\/index.php?rest_route=\/wp\/v2\/posts\/14160"}],"collection":[{"href":"https:\/\/extension.unvm.edu.ar\/index.php?rest_route=\/wp\/v2\/posts"}],"about":[{"href":"https:\/\/extension.unvm.edu.ar\/index.php?rest_route=\/wp\/v2\/types\/post"}],"author":[{"embeddable":true,"href":"https:\/\/extension.unvm.edu.ar\/index.php?rest_route=\/wp\/v2\/users\/12"}],"replies":[{"embeddable":true,"href":"https:\/\/extension.unvm.edu.ar\/index.php?rest_route=%2Fwp%2Fv2%2Fcomments&post=14160"}],"version-history":[{"count":10,"href":"https:\/\/extension.unvm.edu.ar\/index.php?rest_route=\/wp\/v2\/posts\/14160\/revisions"}],"predecessor-version":[{"id":14190,"href":"https:\/\/extension.unvm.edu.ar\/index.php?rest_route=\/wp\/v2\/posts\/14160\/revisions\/14190"}],"wp:featuredmedia":[{"embeddable":true,"href":"https:\/\/extension.unvm.edu.ar\/index.php?rest_route=\/wp\/v2\/media\/14163"}],"wp:attachment":[{"href":"https:\/\/extension.unvm.edu.ar\/index.php?rest_route=%2Fwp%2Fv2%2Fmedia&parent=14160"}],"wp:term":[{"taxonomy":"category","embeddable":true,"href":"https:\/\/extension.unvm.edu.ar\/index.php?rest_route=%2Fwp%2Fv2%2Fcategories&post=14160"},{"taxonomy":"post_tag","embeddable":true,"href":"https:\/\/extension.unvm.edu.ar\/index.php?rest_route=%2Fwp%2Fv2%2Ftags&post=14160"}],"curies":[{"name":"wp","href":"https:\/\/api.w.org\/{rel}","templated":true}]}}