{"id":14137,"date":"2020-12-10T21:05:27","date_gmt":"2020-12-10T21:05:27","guid":{"rendered":"https:\/\/extension.unvm.edu.ar\/?p=14137"},"modified":"2020-12-11T18:06:12","modified_gmt":"2020-12-11T18:06:12","slug":"peuam-en-casa-de-facebook-a-las-residencias-geriatricas","status":"publish","type":"post","link":"https:\/\/extension.unvm.edu.ar\/?p=14137","title":{"rendered":"PEUAM EN CASA: De Facebook a las residencias para personas mayores"},"content":{"rendered":"<div align=\"justify\">\n<p><em>Con el prop\u00f3sito de promover, estimular y fortalecer las funciones cognoscitivas vinculadas a la memoria, el lenguaje, la concentraci\u00f3n y el razonamiento, se entregaron, en formato papel, cuadernillos con actividades de Estimulaci\u00f3n Cognitiva y Memoria. Est\u00e1 abierto el formulario de inscripci\u00f3n para todas aquellos hogares de larga estad\u00eda que quieran recibirlo.<\/em><\/p>\n<p>Las coordinadoras del Programa de Extensi\u00f3n Universitaria para Adultos Mayores (PEUAM), perteneciente al Instituto de Extensi\u00f3n de la Universidad Nacional Villa Mar\u00eda (UNVM), hicieron entrega de Cuadernillos con actividades de Estimulaci\u00f3n Cognitiva y Memoria, a residencias de larga estad\u00eda en la ciudad de Villa Mar\u00eda.<\/p>\n<p>Los mismos, fueron realizados en formato papel y surgieron de las clases del taller de Estimulaci\u00f3n Cognitiva y Memoria, dictadas por la psicopedagoga Vanina Monetto en la propuesta de Facebook \u201cEl PEUAM en casa\u201d. Tienen como prop\u00f3sito promover, estimular y fortalecer las funciones cognoscitivas vinculadas a la memoria, el lenguaje, la concentraci\u00f3n y el razonamiento.<\/p>\n<p>Cabe mencionar, que a la propuesta inicial de producir y distribuir en formato papel estas actividades, se sum\u00f3 el programa de voluntariado \u201cUniversidades por la Emergencia de Covid-19\u201d (PUPLEC 19), aprobado por Secretar\u00eda de Pol\u00edticas Universitarias de la Naci\u00f3n (SPU), con el objetivo principal de promover el desarrollo de habilidades y estrategias para el acompa\u00f1amiento y asistencia de la poblaci\u00f3n en el distanciamiento social, en el marco del Covid-19.<\/p>\n<p>A la vez, se busca fortalecer los procesos de articulaci\u00f3n territorial de la Universidad con la comunidad, generar espacios virtuales de intercambio con personas de la comunidad universitaria explorando emociones y aprendizajes que emergen en relaci\u00f3n con los nuevos recorridos educativos en este contexto.<\/p>\n<p>En di\u00e1logo con la coordinadora del PEUAM, lic. Ver\u00f3nica Mart\u00ednez manifest\u00f3: \u201cSab\u00edamos que muchas personas adultas mayores quedaron afuera de la participaci\u00f3n de la propuesta educativa extensionista por Facebook, entonces se pens\u00f3 en una alternativa m\u00e1s viable y tradicional\u201d.<\/p>\n<p>Mart\u00ednez coment\u00f3 que todo el contenido que se hab\u00edan planificado para las clases virtuales, se traslad\u00f3 al papel, con algunas adecuaciones. De esta manera, surgi\u00f3 el cuadernillo de ejercicios.<\/p>\n<p>Actualmente se entregaron en tres residencias para adultos\/as mayores de la ciudad de Villa Mar\u00eda, Santa Sof\u00eda, Roberto Velo de \u00cdpola y Viejos Amigos. \u201cA trav\u00e9s de otros proyectos implementados, es que existe una red de trabajo con estas residencias (\u2026) hoy se entrega el cuadernillo, posterior a un intercambio y di\u00e1logo cooperativo para poder materializar esta producci\u00f3n y llevarla a cabo, teniendo las condiciones de acompa\u00f1amiento para realizar los ejercicios propuestos\u201d, afirm\u00f3 la coordinadora.<\/p>\n<p>A su vez, expres\u00f3: \u201cEsto favorecer\u00e1 el trabajo en grupo en los hogares de larga estad\u00eda, y tambi\u00e9n permitir\u00e1 activar capacidades que tienen que ver con lo social y lo afectivo, sosteniendo su funcionamiento y estimulando la autonom\u00eda\u201d.<\/p>\n<p>Durante todo diciembre hasta finalizar el mes de enero, estar\u00e1 publicado un formulario muy sencillo, para que completen todas aquellas residencias de Villa Mar\u00eda y Villa Nueva, que quieran acceder al cuadernillo. <a href=\"https:\/\/docs.google.com\/forms\/d\/e\/1FAIpQLSePj0kBHeGnkNRdn3o38Nftnj5PygruFBrpQ0sKK63RPhvtLQ\/viewform\">(Ingresa ac\u00e1 al formulario).<\/a><\/p>\n<p>Por \u00faltimo, la coordinadora manifest\u00f3 que la propuesta est\u00e1 pensada para acercar el programa a la comunidad y a las personas adultas mayores que han sido los m\u00e1s vulnerados en la pandemia. \u201cRealizamos un trabajo cooperativo y recuperamos estas actividades que fueron interrumpidas en la presencialidad y hoy queremos reivindicarlas\u201d.<\/p>\n<\/div>\n","protected":false},"excerpt":{"rendered":"<p>Con el prop\u00f3sito de promover, estimular y fortalecer las funciones cognoscitivas vinculadas a la memoria, el lenguaje, la concentraci\u00f3n y el razonamiento, se entregaron, en formato papel, cuadernillos con actividades de Estimulaci\u00f3n Cognitiva y Memoria. Est\u00e1 abierto el formulario de inscripci\u00f3n para todas aquellos hogares de larga estad\u00eda que quieran recibirlo. Las coordinadoras del Programa [&hellip;]<\/p>\n","protected":false},"author":12,"featured_media":14143,"comment_status":"closed","ping_status":"closed","sticky":false,"template":"","format":"standard","meta":{"_exactmetrics_skip_tracking":false,"_exactmetrics_sitenote_active":false,"_exactmetrics_sitenote_note":"","_exactmetrics_sitenote_category":0,"footnotes":""},"categories":[2],"tags":[],"class_list":["post-14137","post","type-post","status-publish","format-standard","has-post-thumbnail","hentry","category-novedades"],"_links":{"self":[{"href":"https:\/\/extension.unvm.edu.ar\/index.php?rest_route=\/wp\/v2\/posts\/14137"}],"collection":[{"href":"https:\/\/extension.unvm.edu.ar\/index.php?rest_route=\/wp\/v2\/posts"}],"about":[{"href":"https:\/\/extension.unvm.edu.ar\/index.php?rest_route=\/wp\/v2\/types\/post"}],"author":[{"embeddable":true,"href":"https:\/\/extension.unvm.edu.ar\/index.php?rest_route=\/wp\/v2\/users\/12"}],"replies":[{"embeddable":true,"href":"https:\/\/extension.unvm.edu.ar\/index.php?rest_route=%2Fwp%2Fv2%2Fcomments&post=14137"}],"version-history":[{"count":14,"href":"https:\/\/extension.unvm.edu.ar\/index.php?rest_route=\/wp\/v2\/posts\/14137\/revisions"}],"predecessor-version":[{"id":14173,"href":"https:\/\/extension.unvm.edu.ar\/index.php?rest_route=\/wp\/v2\/posts\/14137\/revisions\/14173"}],"wp:featuredmedia":[{"embeddable":true,"href":"https:\/\/extension.unvm.edu.ar\/index.php?rest_route=\/wp\/v2\/media\/14143"}],"wp:attachment":[{"href":"https:\/\/extension.unvm.edu.ar\/index.php?rest_route=%2Fwp%2Fv2%2Fmedia&parent=14137"}],"wp:term":[{"taxonomy":"category","embeddable":true,"href":"https:\/\/extension.unvm.edu.ar\/index.php?rest_route=%2Fwp%2Fv2%2Fcategories&post=14137"},{"taxonomy":"post_tag","embeddable":true,"href":"https:\/\/extension.unvm.edu.ar\/index.php?rest_route=%2Fwp%2Fv2%2Ftags&post=14137"}],"curies":[{"name":"wp","href":"https:\/\/api.w.org\/{rel}","templated":true}]}}