{"id":14122,"date":"2020-12-09T19:39:53","date_gmt":"2020-12-09T19:39:53","guid":{"rendered":"https:\/\/extension.unvm.edu.ar\/?p=14122"},"modified":"2020-12-09T20:04:02","modified_gmt":"2020-12-09T20:04:02","slug":"oir-el-2020-nos-permitio-saldar-una-gran-deuda-pendiente-que-era-consolidar-nuestro-trabajo-puertas-adentro-de-la-unvm","status":"publish","type":"post","link":"https:\/\/extension.unvm.edu.ar\/?p=14122","title":{"rendered":"OIR: \u201cEl 2020 nos permiti\u00f3 saldar una deuda pendiente, que era consolidar nuestro trabajo puertas adentro de la UNVM\u201d"},"content":{"rendered":"<div align=\"justify\">\n<p><em>As\u00ed manifestaron los\/as integrantes del Observatorio Integral de la Regi\u00f3n, perteneciente al Instituto de Extensi\u00f3n, sobre el balance de fin de a\u00f1o y su accionar durante la pandemia. Asimismo, mencionaron las actividades que realizaron y sus planes para el a\u00f1o entrante.<\/em><\/p>\n<p>Finalizando el a\u00f1o 2020, integrantes del Observatorio Integral de la Regi\u00f3n (OIR) manifestaron su experiencia de trabajo durante la pandemia, realizaron un balance y, por otro lado, comentaron los proyectos para el a\u00f1o que viene.<\/p>\n<p>\u201cAl principio nos cost\u00f3 acomodarnos a la nueva realidad laboral, social y hasta familiar que supuso la cuarentena (\u2026) pero con el tiempo, pudimos adaptar la din\u00e1mica de trabajo y los objetivos que nos propusimos, trabajando sin inconvenientes\u201d, expresaron.<\/p>\n<p>Asimismo, seg\u00fan coment\u00f3 el grupo, este a\u00f1o se vieron obligados a abandonar su planificaci\u00f3n original, que contemplaba un gran despliegue territorial y, a su vez, mayor vinculaci\u00f3n con instituciones p\u00fablicas y privadas de la regi\u00f3n. En tal sentido manifestaron: \u201cNuestras actividades se volcaron al interior de la Universidad, fundamentalmente en el \u00e1rea de las estad\u00edsticas acad\u00e9micas\u201d.<\/p>\n<p>Es as\u00ed como se destacan entre sus actividades, el Censo de Graduados\/as, la Autoevaluaci\u00f3n Institucional, el \u201cEstudio de la Realidad Universitaria en el Proceso de Pandemia\u201d y la s\u00edntesis estad\u00edstica \u201c25 a\u00f1os, 25 datos\u201d. Adem\u00e1s, a esto se le agregan las publicaciones regulares como los informes acad\u00e9micos y el Anuario UNVM, informes econ\u00f3micos de demanda laboral, combustibles y financieros.<\/p>\n<p>A pesar de haber vivido un a\u00f1o bastante excepcional, el grupo se\u00f1al\u00f3 que el balance de fin de a\u00f1o es positivo, siendo de aprendizaje tanto individual como grupal para el trabajo a distancia. \u201cEl 2020 nos permiti\u00f3 saldar una gran deuda pendiente, que era consolidar nuestro trabajo puertas adentro de la UNVM, y poder responder, al mismo tiempo, al resto de las demandas que surgieron de manera satisfactoria\u201d.<\/p>\n<p>En lo que respecta a los proyectos para el 2021, expresaron que ser\u00e1 una gran oportunidad para realizar \u201cmediciones econ\u00f3micas y sociales del impacto de la pandemia y la evoluci\u00f3n de lo que entendemos que ser\u00e1 la nueva normalidad\u201d.<\/p>\n<p>De igual manera, esperan poder desarrollar nuevos indicadores y abrir l\u00edneas de trabajo, \u201crelacionadas a la vigilancia tecnol\u00f3gica y la inteligencia competitiva a \u00e1reas o sectores con potencial\u201d.<\/p>\n<p>Por \u00faltimo, el grupo coment\u00f3 que durante este a\u00f1o han recolectado mucha informaci\u00f3n acad\u00e9mica, que van a ir analizando y difundiendo cuando corresponda. \u201cTambi\u00e9n profundizaremos el trabajo de autoevaluaci\u00f3n institucional, donde queremos avanzar en la interpretaci\u00f3n de tales datos que faciliten el diagn\u00f3stico y permita mejorar la gesti\u00f3n acad\u00e9mica de la UNVM\u201d, finalizaron.<\/p>\n<\/div>\n","protected":false},"excerpt":{"rendered":"<p>As\u00ed manifestaron los\/as integrantes del Observatorio Integral de la Regi\u00f3n, perteneciente al Instituto de Extensi\u00f3n, sobre el balance de fin de a\u00f1o y su accionar durante la pandemia. Asimismo, mencionaron las actividades que realizaron y sus planes para el a\u00f1o entrante. Finalizando el a\u00f1o 2020, integrantes del Observatorio Integral de la Regi\u00f3n (OIR) manifestaron su [&hellip;]<\/p>\n","protected":false},"author":12,"featured_media":11601,"comment_status":"closed","ping_status":"closed","sticky":false,"template":"","format":"standard","meta":{"_exactmetrics_skip_tracking":false,"_exactmetrics_sitenote_active":false,"_exactmetrics_sitenote_note":"","_exactmetrics_sitenote_category":0,"footnotes":""},"categories":[2],"tags":[],"class_list":["post-14122","post","type-post","status-publish","format-standard","has-post-thumbnail","hentry","category-novedades"],"_links":{"self":[{"href":"https:\/\/extension.unvm.edu.ar\/index.php?rest_route=\/wp\/v2\/posts\/14122"}],"collection":[{"href":"https:\/\/extension.unvm.edu.ar\/index.php?rest_route=\/wp\/v2\/posts"}],"about":[{"href":"https:\/\/extension.unvm.edu.ar\/index.php?rest_route=\/wp\/v2\/types\/post"}],"author":[{"embeddable":true,"href":"https:\/\/extension.unvm.edu.ar\/index.php?rest_route=\/wp\/v2\/users\/12"}],"replies":[{"embeddable":true,"href":"https:\/\/extension.unvm.edu.ar\/index.php?rest_route=%2Fwp%2Fv2%2Fcomments&post=14122"}],"version-history":[{"count":9,"href":"https:\/\/extension.unvm.edu.ar\/index.php?rest_route=\/wp\/v2\/posts\/14122\/revisions"}],"predecessor-version":[{"id":14141,"href":"https:\/\/extension.unvm.edu.ar\/index.php?rest_route=\/wp\/v2\/posts\/14122\/revisions\/14141"}],"wp:featuredmedia":[{"embeddable":true,"href":"https:\/\/extension.unvm.edu.ar\/index.php?rest_route=\/wp\/v2\/media\/11601"}],"wp:attachment":[{"href":"https:\/\/extension.unvm.edu.ar\/index.php?rest_route=%2Fwp%2Fv2%2Fmedia&parent=14122"}],"wp:term":[{"taxonomy":"category","embeddable":true,"href":"https:\/\/extension.unvm.edu.ar\/index.php?rest_route=%2Fwp%2Fv2%2Fcategories&post=14122"},{"taxonomy":"post_tag","embeddable":true,"href":"https:\/\/extension.unvm.edu.ar\/index.php?rest_route=%2Fwp%2Fv2%2Ftags&post=14122"}],"curies":[{"name":"wp","href":"https:\/\/api.w.org\/{rel}","templated":true}]}}