{"id":14114,"date":"2020-12-03T18:07:29","date_gmt":"2020-12-03T18:07:29","guid":{"rendered":"https:\/\/extension.unvm.edu.ar\/?p=14114"},"modified":"2020-12-03T18:07:29","modified_gmt":"2020-12-03T18:07:29","slug":"la-trascendencia-del-peuam-en-la-virtualidad","status":"publish","type":"post","link":"https:\/\/extension.unvm.edu.ar\/?p=14114","title":{"rendered":"La trascendencia del PEUAM en la virtualidad"},"content":{"rendered":"<div align=\"justify\">\n<em>El programa para adultos mayores, perteneciente al Instituto de Extensi\u00f3n, se propuso un gran desaf\u00edo este a\u00f1o. M\u00e1s de 700 alumnos\/as de otras localidades y provincias, pudieron acceder a todos sus talleres, a trav\u00e9s de esta nueva modalidad. <\/em><\/p>\n<p>El Programa de Extensi\u00f3n Universitaria para Adultos Mayores (PEUAM), ha logrado un gran desaf\u00edo este a\u00f1o, que fue adaptarse a la virtualidad, a trav\u00e9s del grupo de Facebook \u201cEl PEUAM en casa\u201d. De esta manera, lleg\u00f3 a los alumnos y alumnas que asisten a\u00f1o tras a\u00f1o, como as\u00ed tambi\u00e9n a muchos\/as que antes no pod\u00edan acceder, siendo m\u00e1s de 700 personas participando del mismo.<\/p>\n<p>Tal es el caso de Esperanza Lazzaro, de 84 a\u00f1os, que se incorpor\u00f3 por primera vez al PEUAM en plena pandemia, de manera virtual, gracias a la ayuda de su nuera Anal\u00eda que la anot\u00f3 y ayud\u00f3 con la tecnolog\u00eda. Particip\u00f3 del Taller de Pintura y Dibujo: Pintores\/as en movimiento, a cargo de Josephine Maldonado.<\/p>\n<p>Con respecto al taller, la alumna coment\u00f3 que siempre le gust\u00f3 la pintura, pero no sab\u00eda dibujar y, participar de esta experiencia le permiti\u00f3 realizar trabajos copiando de modelos reales. \u201cLos trabajos hechos bajo la ense\u00f1anza de la profesora Josephine Maldonado, su ayuda para corregir los errores y el est\u00edmulo que recib\u00eda de parte de ella, me hicieron con alegr\u00eda seguir adelante, sobre todo este a\u00f1o tan dif\u00edcil de encierro\u201d.<\/p>\n<p>Esperanza expres\u00f3 que ser parte de la propuesta virtual, le permiti\u00f3 darse cuenta que, siendo una persona adulta mayor, es capaz de aprender muchas cosas si se lo propone. \u201cSi tuviera la oportunidad de comentar mi experiencia a otras personas, les dir\u00eda que traten de hacer lo mismo que yo, tomando coraje a lo desconocido (\u2026) la vida nos sorprende cada d\u00eda\u201d.<\/p>\n<p>Por \u00faltimo, si bien aclar\u00f3 que se acostumbr\u00f3 a la virtualidad, su gran deseo es poder ver a todo el grupo del PEUAM personalmente. \u201cDeseo mucho poder verlos personalmente y expresarles lo agradecida que estoy por todo lo que el programa me acompa\u00f1\u00f3 en esta situaci\u00f3n de quedarnos en casa y por los aprendizajes que he logrado\u201d.<\/p>\n<p>Cabe recordar que, en el mes de mayo, el programa incorpor\u00f3 la propuesta \u201cEl PEUAM en casa\u201d, un grupo de Facebook que permiti\u00f3 fortalecer acciones centradas en la atenci\u00f3n de las personas mayores y sus derechos frente al aislamiento social, preventivo y obligatorio.<\/p>\n<p><strong>Balance 2020 y cierre del PEUAM<\/strong><\/p>\n<p>En di\u00e1logo con la coordinadora del programa, lic. Ver\u00f3nica Mart\u00ednez, coment\u00f3 que el pasado lunes 30 de noviembre se realiz\u00f3 el cierre de a\u00f1o de los talleres a trav\u00e9s de Zoom. El motivo del encuentro fue hacer un balance del a\u00f1o 2020, compartir un mensaje elaborado por todo el equipo del PEUAM para sus estudiantes adultos\/as mayores y, tambi\u00e9n, invitarlos\/as a narrar su experiencia.<\/p>\n<p>\u201cEste a\u00f1o fue distinto a ra\u00edz de la pandemia y el posterior aislamiento social, con Tamara nos sentimos, desde un comienzo, en la obligaci\u00f3n de dar respuesta frente a esta situaci\u00f3n y construir un plan de acci\u00f3n para y con las personas mayores, escuchando propuestas de profesores y compa\u00f1eros\/as de trabajo\u201d, mencion\u00f3 Mart\u00ednez.<\/p>\n<p>Al respecto, la coordinadora afirm\u00f3 que el decir \u201cnos sentimos en la obligaci\u00f3n\u201d, fue por el \u201cgran compromiso social que tiene la Universidad\u201d, adem\u00e1s de la importancia de \u201cvehiculizar la propuesta, que claramente tuvo una disposici\u00f3n pol\u00edtica e institucional para darle continuidad\u201d. Como as\u00ed tambi\u00e9n, sostener el lazo afectivo y social con sus alumnos\/as.<\/p>\n<p>En tal sentido, as\u00ed se termin\u00f3 de conformar y desarrollar \u201cEl PEUAM en casa\u201d, el grupo de Facebook que Mart\u00ednez denomin\u00f3 como \u201cun aula grande que termin\u00f3 siendo una familia\u201d.<\/p>\n<p>Como ya se sabe, el PEUAM es un programa que funciona hace 21 a\u00f1os y est\u00e1 pensado para la presencialidad, sin embargo, coment\u00f3 la licenciada que se migr\u00f3 a la virtualidad \u201cde un modo muy ameno, donde cada taller se reinvent\u00f3 y reconstruy\u00f3\u201d. Asimismo, agreg\u00f3: \u201cSe entiende que no es lo mismo y se extra\u00f1a la presencia en las aulas, pero a\u00fan as\u00ed hemos tenido que poner el cuerpo a trav\u00e9s de la pantalla y reencontrarnos\u201d.<\/p>\n<p>Este a\u00f1o han participado alumnos y alumnas que asisten habitualmente, pero tambi\u00e9n muchos\/as que antes no pod\u00edan acceder, de otras localidades y provincias, siendo m\u00e1s de 700 personas formando parte del programa. \u201cHubo una gran incidencia que antes no hubiera sido posible, por lo tanto, el balance es altamente positivo, porque se pudo sostener, con un trabajo continuo pero muy satisfactorio\u201d, afirm\u00f3 Mart\u00ednez.<\/p>\n<p>Por \u00faltimo, la coordinadora manifest\u00f3 que se lograron establecer muchas redes colaborativas \u201centre los\/as profesores\/as, entre quienes somos responsables del proyecto y otras instituciones de Villa Mar\u00eda, de C\u00f3rdoba, as\u00ed como de otras Universidades Nacionales\u201d, gracias a la incidencia de la tecnolog\u00eda.<\/p>\n<p>Asimismo, en lo que concierne a disminuir la brecha digital y cultural de las personas mayores, que implica que muchas personas no han podido participar de modo permanentemente, expres\u00f3: \u201cHemos intentado resolver a trav\u00e9s del acompa\u00f1amiento tradicional, que es la llamada por tel\u00e9fono fijo, por el sostenimiento del lazo afectivo que nos une a trav\u00e9s de los a\u00f1os\u201d, finaliz\u00f3.\n<\/p><\/div>\n","protected":false},"excerpt":{"rendered":"<p>El programa para adultos mayores, perteneciente al Instituto de Extensi\u00f3n, se propuso un gran desaf\u00edo este a\u00f1o. M\u00e1s de 700 alumnos\/as de otras localidades y provincias, pudieron acceder a todos sus talleres, a trav\u00e9s de esta nueva modalidad. El Programa de Extensi\u00f3n Universitaria para Adultos Mayores (PEUAM), ha logrado un gran desaf\u00edo este a\u00f1o, que [&hellip;]<\/p>\n","protected":false},"author":12,"featured_media":14120,"comment_status":"closed","ping_status":"closed","sticky":false,"template":"","format":"standard","meta":{"_exactmetrics_skip_tracking":false,"_exactmetrics_sitenote_active":false,"_exactmetrics_sitenote_note":"","_exactmetrics_sitenote_category":0,"footnotes":""},"categories":[2],"tags":[],"class_list":["post-14114","post","type-post","status-publish","format-standard","has-post-thumbnail","hentry","category-novedades"],"_links":{"self":[{"href":"https:\/\/extension.unvm.edu.ar\/index.php?rest_route=\/wp\/v2\/posts\/14114"}],"collection":[{"href":"https:\/\/extension.unvm.edu.ar\/index.php?rest_route=\/wp\/v2\/posts"}],"about":[{"href":"https:\/\/extension.unvm.edu.ar\/index.php?rest_route=\/wp\/v2\/types\/post"}],"author":[{"embeddable":true,"href":"https:\/\/extension.unvm.edu.ar\/index.php?rest_route=\/wp\/v2\/users\/12"}],"replies":[{"embeddable":true,"href":"https:\/\/extension.unvm.edu.ar\/index.php?rest_route=%2Fwp%2Fv2%2Fcomments&post=14114"}],"version-history":[{"count":4,"href":"https:\/\/extension.unvm.edu.ar\/index.php?rest_route=\/wp\/v2\/posts\/14114\/revisions"}],"predecessor-version":[{"id":14127,"href":"https:\/\/extension.unvm.edu.ar\/index.php?rest_route=\/wp\/v2\/posts\/14114\/revisions\/14127"}],"wp:featuredmedia":[{"embeddable":true,"href":"https:\/\/extension.unvm.edu.ar\/index.php?rest_route=\/wp\/v2\/media\/14120"}],"wp:attachment":[{"href":"https:\/\/extension.unvm.edu.ar\/index.php?rest_route=%2Fwp%2Fv2%2Fmedia&parent=14114"}],"wp:term":[{"taxonomy":"category","embeddable":true,"href":"https:\/\/extension.unvm.edu.ar\/index.php?rest_route=%2Fwp%2Fv2%2Fcategories&post=14114"},{"taxonomy":"post_tag","embeddable":true,"href":"https:\/\/extension.unvm.edu.ar\/index.php?rest_route=%2Fwp%2Fv2%2Ftags&post=14114"}],"curies":[{"name":"wp","href":"https:\/\/api.w.org\/{rel}","templated":true}]}}