{"id":14103,"date":"2020-11-26T22:55:40","date_gmt":"2020-11-26T22:55:40","guid":{"rendered":"https:\/\/extension.unvm.edu.ar\/?p=14103"},"modified":"2020-11-26T22:55:40","modified_gmt":"2020-11-26T22:55:40","slug":"elencos-unvm-jornadas-en-vivo","status":"publish","type":"post","link":"https:\/\/extension.unvm.edu.ar\/?p=14103","title":{"rendered":"Elencos UNVM: Jornadas en vivo"},"content":{"rendered":"<div align=\"justify\">\n<p><em>Durante la primera semana de diciembre, los Elencos Estables pertenecientes al Instituto de Extensi\u00f3n, brindar\u00e1n diversos conversatorios en vivo, gratuitos y para todo p\u00fablico. Los encuentros buscan abordar distintas problem\u00e1ticas sobre el trabajo de los cuerpos art\u00edsticos y la realidad en pandemia.<\/em><\/p>\n<p>Los Elencos Estables pertenecientes al Instituto de Extensi\u00f3n de la Universidad Nacional Villa Mar\u00eda (UNVM), brindar\u00e1n una semana de jornadas en vivo, que ser\u00e1n transmitidas a trav\u00e9s del canal de Youtube del Instituto, desde el martes 1 de diciembre al viernes 4.<\/p>\n<p>La iniciativa de estas Jornadas de encuentros busca abordar en formato de conversatorio distintas problem\u00e1ticas sobre el trabajo de cuerpos art\u00edsticos y la realidad en pandemia. Por este motivo, ser\u00e1n abiertos al p\u00fablico con acceso libre y gratuito.<\/p>\n<p>En primera instancia, el martes 1 de diciembre, a las 19 hs., los Elencos Danzamble, Ballet Folkl\u00f3rico y La Comedia, presentar\u00e1n un Conversatorio denominado \u201cArtes esc\u00e9nicas sin maquillajes\u201d. A cargo de Gabriela Redondo, Nadia Durruty Brambilla, Zulma Altamirano, Carina Bonoris, Alicia Muxo y Valeria Plonavich.<\/p>\n<p>Asimismo, el Elenco Folkl\u00f3rico Estable Guadal, brindar\u00e1 \u201cRecorriendo Melod\u00edas del Monte\u201d, un Conversatorio que ser\u00e1 el mi\u00e9rcoles 2, a las 19 hs. El evento est\u00e1 destinado al p\u00fablico en general y tiene como eje central el trabajo realizado por el elenco durante este a\u00f1o de aislamiento, en torno a la reedici\u00f3n del libro de obras Melod\u00edas del Monte.<\/p>\n<p>En el encuentro, se abordar\u00e1n modos de utilizaci\u00f3n y aprovechamiento del material, reparar\u00e1n las distintas herramientas propuestas en el libro para la interpretaci\u00f3n musical de los g\u00e9neros que contiene. Estar\u00e1 a cargo de los integrantes del elenco, Jos\u00e9 Santill\u00e1n, Fernanda Quintas, Ezequiel Infante, Gerardo Miotti y Joaqu\u00edn Aguilar.<\/p>\n<p>Por su parte, el jueves 3, a las 19 hs., la Orquesta Escuela de Tango La Cabulera, ofrecer\u00e1 un ciclo de charlas, titulado: \u201cAnibal Troilo: rasgos de un estilo evolutivo\u201d. A cargo del bandoneonista y compositor Pablo Jaurena. Para poder ingresar a las charlas, deber\u00e1s completar un formulario de inscripci\u00f3n previa. (<a href=\"https:\/\/forms.gle\/m5f7D9UenJDvEpxB9\">Ingresa ac\u00e1<\/a>)<\/p>\n<p>Y, por \u00faltimo, ser\u00e1 el turno de los coros, el viernes 4 a las 19 hs. Tendr\u00e1n su participaci\u00f3n en un Conversatorio y M\u00fasica: \u201cUNVM canta \u2013 Cuarta Edici\u00f3n\u201d, el Coro Nonino, Coro de Ni\u00f1os y Ni\u00f1as y el Coro de Adultos Mayores (CORAM). Dirigidos por Cristina Gallo, Ivana Perren y Laura Alberti, con un equipo de trabajo integrado por Federico L\u00f3pez Gaviola, Julieta Dellarole, Juan Mur\u00faa y Jimena Gianinetto.<\/p>\n<p>En di\u00e1logo con la nodocente y coordinadora de Elencos de la UNVM, lic. Marianela Bordese, expres\u00f3 que las Jornadas \u201csurgen ante la necesidad de los cuerpos art\u00edsticos de encontrarnos, de reflexionar sobre nuestras experiencias este a\u00f1o y proyectarnos e imaginarnos en el nuevo escenario, en estos tiempos tan dif\u00edciles para la producci\u00f3n art\u00edstica\u201d.<\/p>\n<p>Cabe recordar que, desde el inicio del aislamiento obligatorio, el sector cultural debi\u00f3 dar de baja las actividades programadas y reinventarse en la pr\u00e1ctica virtual. Esto les permiti\u00f3 incorporar herramientas que probablemente contin\u00faen en la etapa posterior.\u00a0Asimismo, Bordese afirm\u00f3: \u201ces necesario pensar c\u00f3mo nos podremos acercar nuevamente a nuestro p\u00fablico, a los\/as ciudadanos\/as, y no solamente eso, sino sobre lo que pretendemos avanzar.<\/p>\n<\/div>\n","protected":false},"excerpt":{"rendered":"<p>Durante la primera semana de diciembre, los Elencos Estables pertenecientes al Instituto de Extensi\u00f3n, brindar\u00e1n diversos conversatorios en vivo, gratuitos y para todo p\u00fablico. Los encuentros buscan abordar distintas problem\u00e1ticas sobre el trabajo de los cuerpos art\u00edsticos y la realidad en pandemia. Los Elencos Estables pertenecientes al Instituto de Extensi\u00f3n de la Universidad Nacional Villa [&hellip;]<\/p>\n","protected":false},"author":12,"featured_media":14111,"comment_status":"closed","ping_status":"closed","sticky":false,"template":"","format":"standard","meta":{"_exactmetrics_skip_tracking":false,"_exactmetrics_sitenote_active":false,"_exactmetrics_sitenote_note":"","_exactmetrics_sitenote_category":0,"footnotes":""},"categories":[2],"tags":[],"class_list":["post-14103","post","type-post","status-publish","format-standard","has-post-thumbnail","hentry","category-novedades"],"_links":{"self":[{"href":"https:\/\/extension.unvm.edu.ar\/index.php?rest_route=\/wp\/v2\/posts\/14103"}],"collection":[{"href":"https:\/\/extension.unvm.edu.ar\/index.php?rest_route=\/wp\/v2\/posts"}],"about":[{"href":"https:\/\/extension.unvm.edu.ar\/index.php?rest_route=\/wp\/v2\/types\/post"}],"author":[{"embeddable":true,"href":"https:\/\/extension.unvm.edu.ar\/index.php?rest_route=\/wp\/v2\/users\/12"}],"replies":[{"embeddable":true,"href":"https:\/\/extension.unvm.edu.ar\/index.php?rest_route=%2Fwp%2Fv2%2Fcomments&post=14103"}],"version-history":[{"count":6,"href":"https:\/\/extension.unvm.edu.ar\/index.php?rest_route=\/wp\/v2\/posts\/14103\/revisions"}],"predecessor-version":[{"id":14118,"href":"https:\/\/extension.unvm.edu.ar\/index.php?rest_route=\/wp\/v2\/posts\/14103\/revisions\/14118"}],"wp:featuredmedia":[{"embeddable":true,"href":"https:\/\/extension.unvm.edu.ar\/index.php?rest_route=\/wp\/v2\/media\/14111"}],"wp:attachment":[{"href":"https:\/\/extension.unvm.edu.ar\/index.php?rest_route=%2Fwp%2Fv2%2Fmedia&parent=14103"}],"wp:term":[{"taxonomy":"category","embeddable":true,"href":"https:\/\/extension.unvm.edu.ar\/index.php?rest_route=%2Fwp%2Fv2%2Fcategories&post=14103"},{"taxonomy":"post_tag","embeddable":true,"href":"https:\/\/extension.unvm.edu.ar\/index.php?rest_route=%2Fwp%2Fv2%2Ftags&post=14103"}],"curies":[{"name":"wp","href":"https:\/\/api.w.org\/{rel}","templated":true}]}}