{"id":14095,"date":"2020-11-26T22:46:49","date_gmt":"2020-11-26T22:46:49","guid":{"rendered":"https:\/\/extension.unvm.edu.ar\/?p=14095"},"modified":"2020-11-26T22:47:40","modified_gmt":"2020-11-26T22:47:40","slug":"quedarte-en-casa-festival-virtual-horas-contadas-2","status":"publish","type":"post","link":"https:\/\/extension.unvm.edu.ar\/?p=14095","title":{"rendered":"QuedArte en Casa: Festival Virtual Horas Contadas"},"content":{"rendered":"<div align=\"justify\">\n<p><em>Est\u00e1n abiertas las convocatorias a participar del cuarto ciclo del encuentro virtual, que se realizar\u00e1\u00a0entre el 10, 11 y 12 de diciembre, en el estudio de Tecnoteca Tv.<\/em><\/p>\n<p>El cuarto ciclo del Programa QuedArte en casa: \u201cFestival Virtual Horas Contadas\u201d, se realizar\u00e1 entre los d\u00edas 10, 11 y 12 de diciembre, en el estudio de Tecnoteca Tv. Ya est\u00e1n abiertas las convocatorias para los\/as interesados\/as en participar, totalmente gratis. La recepci\u00f3n de propuestas ser\u00e1 del lunes 16 al domingo 29 de noviembre.<\/p>\n<p>Las bases y condiciones para los\/as aspirantes ya est\u00e1n disponibles.<\/p>\n<p>La propuesta \u201cQuedArte en Casa\u201d, trata de seis festivales virtuales que tendr\u00e1n lugar desde fines de septiembre hasta diciembre. En los mismos, habr\u00e1 lugar para la danza, las artes esc\u00e9nicas, la m\u00fasica, el audiovisual, la literatura, la narraci\u00f3n y los espect\u00e1culos infantiles.<\/p>\n<p>Cabe mencionar que esta iniciativa, que busca acompa\u00f1ar la reactivaci\u00f3n del sector cultural y art\u00edstico independiente de la ciudad, es organizada por la Municipalidad de Villa Mar\u00eda, a trav\u00e9s de la Secretar\u00eda de Educaci\u00f3n, Cultura y Promoci\u00f3n de la Ciencia. Act\u00faan como coorganizadores, la Agencia C\u00f3rdoba Cultura, la Universidad Nacional Villa Mar\u00eda (UNVM), a trav\u00e9s del Instituto de Extensi\u00f3n y el Instituto de Investigaci\u00f3n, la Asociaci\u00f3n de Empresarios Regi\u00f3n Centro Argentino (AERCA), el Ente Regional de Desarrollo (ENRED) y la Mesa de Industrias Creativas y Culturales.<\/p>\n<p><strong>Bases y condiciones:<\/strong><a href=\"https:\/\/drive.google.com\/file\/d\/11wZNtxokgkM0cTBqzpM2nrO2Wf_CYHDI\/view\"> Ingresa ac\u00e1<\/a><\/p>\n<\/div>\n","protected":false},"excerpt":{"rendered":"<p>Est\u00e1n abiertas las convocatorias a participar del cuarto ciclo del encuentro virtual, que se realizar\u00e1\u00a0entre el 10, 11 y 12 de diciembre, en el estudio de Tecnoteca Tv. El cuarto ciclo del Programa QuedArte en casa: \u201cFestival Virtual Horas Contadas\u201d, se realizar\u00e1 entre los d\u00edas 10, 11 y 12 de diciembre, en el estudio de [&hellip;]<\/p>\n","protected":false},"author":12,"featured_media":13972,"comment_status":"closed","ping_status":"closed","sticky":false,"template":"","format":"standard","meta":{"_exactmetrics_skip_tracking":false,"_exactmetrics_sitenote_active":false,"_exactmetrics_sitenote_note":"","_exactmetrics_sitenote_category":0,"footnotes":""},"categories":[2],"tags":[],"class_list":["post-14095","post","type-post","status-publish","format-standard","has-post-thumbnail","hentry","category-novedades"],"_links":{"self":[{"href":"https:\/\/extension.unvm.edu.ar\/index.php?rest_route=\/wp\/v2\/posts\/14095"}],"collection":[{"href":"https:\/\/extension.unvm.edu.ar\/index.php?rest_route=\/wp\/v2\/posts"}],"about":[{"href":"https:\/\/extension.unvm.edu.ar\/index.php?rest_route=\/wp\/v2\/types\/post"}],"author":[{"embeddable":true,"href":"https:\/\/extension.unvm.edu.ar\/index.php?rest_route=\/wp\/v2\/users\/12"}],"replies":[{"embeddable":true,"href":"https:\/\/extension.unvm.edu.ar\/index.php?rest_route=%2Fwp%2Fv2%2Fcomments&post=14095"}],"version-history":[{"count":4,"href":"https:\/\/extension.unvm.edu.ar\/index.php?rest_route=\/wp\/v2\/posts\/14095\/revisions"}],"predecessor-version":[{"id":14107,"href":"https:\/\/extension.unvm.edu.ar\/index.php?rest_route=\/wp\/v2\/posts\/14095\/revisions\/14107"}],"wp:featuredmedia":[{"embeddable":true,"href":"https:\/\/extension.unvm.edu.ar\/index.php?rest_route=\/wp\/v2\/media\/13972"}],"wp:attachment":[{"href":"https:\/\/extension.unvm.edu.ar\/index.php?rest_route=%2Fwp%2Fv2%2Fmedia&parent=14095"}],"wp:term":[{"taxonomy":"category","embeddable":true,"href":"https:\/\/extension.unvm.edu.ar\/index.php?rest_route=%2Fwp%2Fv2%2Fcategories&post=14095"},{"taxonomy":"post_tag","embeddable":true,"href":"https:\/\/extension.unvm.edu.ar\/index.php?rest_route=%2Fwp%2Fv2%2Ftags&post=14095"}],"curies":[{"name":"wp","href":"https:\/\/api.w.org\/{rel}","templated":true}]}}