{"id":13960,"date":"2020-11-16T12:14:12","date_gmt":"2020-11-16T12:14:12","guid":{"rendered":"https:\/\/extension.unvm.edu.ar\/?p=13960"},"modified":"2020-11-16T12:37:25","modified_gmt":"2020-11-16T12:37:25","slug":"25-proyectos-de-extension-continuaron-durante-la-pandemia","status":"publish","type":"post","link":"https:\/\/extension.unvm.edu.ar\/?p=13960","title":{"rendered":"25 proyectos de Extensi\u00f3n continuaron con su trabajo durante la Pandemia"},"content":{"rendered":"<div align=\"justify\">\n<em>Del total de proyectos, varios equipos pudieron seguir con las actividades en diversas modalidades, virtual, presencial (implementando protocolos existentes) y ambas estrategias. Se proyecta una nueva convocatoria para el 2021.<\/em><\/p>\n<p>A ra\u00edz del Decreto 297\/20 que determina el Aislamiento Social Preventivo y Obligatorio, se irrumpi\u00f3 entre otras cosas, el trabajo territorial de manera presencial. Por tal motivo, el Instituto de Extensi\u00f3n, decidi\u00f3 llevar adelante un relevamiento de los proyectos, a trav\u00e9s de un formulario online, para conocer en qu\u00e9 condiciones de ejecuci\u00f3n se encuentran actualmente, siendo que, se desarrollan en diferentes regiones de la Provincia de C\u00f3rdoba.<\/p>\n<p>De los 48 proyectos de Extensi\u00f3n, aprobados en la 7\u00b0 Convocatoria del a\u00f1o 2019, respondieron al formulario 47 equipos, encontrando como dato principal que s\u00f3lo 42 hab\u00edan comenzado la ejecuci\u00f3n, previa al aislamiento social, pero s\u00f3lo 25 de estos pudieron continuar con su trabajo.<\/p>\n<p>En referencia a los grupos que siguieron con su actividad, la nodocente del Instituto de Extensi\u00f3n, lic. Patricia Chiavassa, coment\u00f3 que adquirieron diversas modalidades \u201c17 comenzaron de manera virtual, 2 de manera presencial, implementando protocolos existentes y 6 mixturando ambas estrategias\u201d.<\/p>\n<p>Al respecto, Chiavassa manifest\u00f3: \u201cEl acompa\u00f1amiento a estos proyectos fue de manera remota, habilitando muchos canales que no eran habituales (\u2026) tratando de redise\u00f1ar estrategias, readaptarse, entendiendo que era la posibilidad de poder continuar\u201d.<\/p>\n<p>Por otra parte, fueron 22 los que no pudieron continuar con su trabajo territorial y, a trav\u00e9s de la consulta a sus equipos, 13 de ellos consideraron que sus objetivos y estrategias de abordaje territorial pod\u00edan readecuarse a la modalidad virtual, mientras que 9 consideraron que no. Aquellos proyectos que no hab\u00edan iniciado su ejecuci\u00f3n antes de marzo de 2020, expresaron que tampoco han podido hacerlo posterior a esa fecha.<\/p>\n<p>\u201cExisti\u00f3 un contacto entre los equipos y el Instituto, con un gran compromiso por parte de aquellos que encontraban limitada su capacidad de acci\u00f3n y responsabilidad (\u2026)\u00a0 Desde la UNVM se acompa\u00f1\u00f3 a cada equipo y a sus directores en la decisi\u00f3n que tomaran\u201d, afirm\u00f3 la nodocente.<\/p>\n<p>Para finalizar, Chiavassa expres\u00f3 que se est\u00e1 trabajando en una nueva convocatoria de proyectos para el pr\u00f3ximo a\u00f1o 2021 que no \u201cinvalida la readecuaci\u00f3n de los proyectos existentes\u201d. Asimismo, agreg\u00f3: \u201cLa idea de esta nueva convocatoria tiene que ver, desde la funci\u00f3n sustantiva extensionista, de pensar un acompa\u00f1amiento a la crisis social generada por el Covid-19, pero que no solo tenga un alcance desde la lectura sanitaria, sino una lectura integral de la crisis generada en nuestra sociedad\u201d.\n<\/p><\/div>\n","protected":false},"excerpt":{"rendered":"<p>Del total de proyectos, varios equipos pudieron seguir con las actividades en diversas modalidades, virtual, presencial (implementando protocolos existentes) y ambas estrategias. Se proyecta una nueva convocatoria para el 2021. A ra\u00edz del Decreto 297\/20 que determina el Aislamiento Social Preventivo y Obligatorio, se irrumpi\u00f3 entre otras cosas, el trabajo territorial de manera presencial. Por [&hellip;]<\/p>\n","protected":false},"author":12,"featured_media":9693,"comment_status":"closed","ping_status":"closed","sticky":false,"template":"","format":"standard","meta":{"_exactmetrics_skip_tracking":false,"_exactmetrics_sitenote_active":false,"_exactmetrics_sitenote_note":"","_exactmetrics_sitenote_category":0,"footnotes":""},"categories":[2],"tags":[],"class_list":["post-13960","post","type-post","status-publish","format-standard","has-post-thumbnail","hentry","category-novedades"],"_links":{"self":[{"href":"https:\/\/extension.unvm.edu.ar\/index.php?rest_route=\/wp\/v2\/posts\/13960"}],"collection":[{"href":"https:\/\/extension.unvm.edu.ar\/index.php?rest_route=\/wp\/v2\/posts"}],"about":[{"href":"https:\/\/extension.unvm.edu.ar\/index.php?rest_route=\/wp\/v2\/types\/post"}],"author":[{"embeddable":true,"href":"https:\/\/extension.unvm.edu.ar\/index.php?rest_route=\/wp\/v2\/users\/12"}],"replies":[{"embeddable":true,"href":"https:\/\/extension.unvm.edu.ar\/index.php?rest_route=%2Fwp%2Fv2%2Fcomments&post=13960"}],"version-history":[{"count":6,"href":"https:\/\/extension.unvm.edu.ar\/index.php?rest_route=\/wp\/v2\/posts\/13960\/revisions"}],"predecessor-version":[{"id":13979,"href":"https:\/\/extension.unvm.edu.ar\/index.php?rest_route=\/wp\/v2\/posts\/13960\/revisions\/13979"}],"wp:featuredmedia":[{"embeddable":true,"href":"https:\/\/extension.unvm.edu.ar\/index.php?rest_route=\/wp\/v2\/media\/9693"}],"wp:attachment":[{"href":"https:\/\/extension.unvm.edu.ar\/index.php?rest_route=%2Fwp%2Fv2%2Fmedia&parent=13960"}],"wp:term":[{"taxonomy":"category","embeddable":true,"href":"https:\/\/extension.unvm.edu.ar\/index.php?rest_route=%2Fwp%2Fv2%2Fcategories&post=13960"},{"taxonomy":"post_tag","embeddable":true,"href":"https:\/\/extension.unvm.edu.ar\/index.php?rest_route=%2Fwp%2Fv2%2Ftags&post=13960"}],"curies":[{"name":"wp","href":"https:\/\/api.w.org\/{rel}","templated":true}]}}