{"id":13944,"date":"2020-11-13T12:52:35","date_gmt":"2020-11-13T12:52:35","guid":{"rendered":"https:\/\/extension.unvm.edu.ar\/?p=13944"},"modified":"2020-11-13T13:08:28","modified_gmt":"2020-11-13T13:08:28","slug":"arranco-el-festival-virtual-de-musica","status":"publish","type":"post","link":"https:\/\/extension.unvm.edu.ar\/?p=13944","title":{"rendered":"Arranc\u00f3 el Festival Virtual de M\u00fasica"},"content":{"rendered":"<div align=\"justify\">\n<p><em>Transmitido en vivo a trav\u00e9s del canal de Youtube de Territorios Creativos, los\/as artistas Pedro Cabal, La Parsif\u00f3nica y La Red Infinita, brindaron un gran concierto en el primer d\u00eda del tercer festival.<\/em><\/p>\n<p>Comenz\u00f3 el tercer festival del programa QuedArte en Casa: \u201cFestival Virtual de M\u00fasica\u201d, que ser\u00e1 hasta el 21 de noviembre. Los\/as artistas Pedro Cabal, La Parsif\u00f3nica y La Red Infinita, brindaron un gran concierto que fue transmitido en vivo a trav\u00e9s del canal de Youtube de Territorios Creativos Villa Mar\u00eda.<\/p>\n<p>\u201cLas expectativas son muy buenas, a juzgar por el nivel de los grupos y lo variado de las propuestas\u201d, manifest\u00f3 unas horas antes del lanzamiento, el coordinador de la Licenciatura en Composici\u00f3n Musical con Orientaci\u00f3n en M\u00fasica Popular del I.A.P. Cs. Humanas de la UNVM, e integrante del jurado de selecci\u00f3n, lic. Eduardo El\u00eda.<\/p>\n<p>Cabe mencionar, que entre los grupos musicales que se presentar\u00e1n, se encuentran Afro Ina; Mc KoKo y la Bic selecta; Porfideas; Rehenes Voluntarios; La Javier; Har\u00e9n; LETRA CHICA; Jairo Emil; Natal\u00ed Maestri; Cable; UYUNI; Tango con Voz de Mujer; La Burundanga; Hemadi&#8217;s Hardbop Quintet; Plenilunio; Hombre Monta\u00f1a Mirando la Luna y ABBE.<\/p>\n<p>El proceso de selecci\u00f3n de los\/as artistas se realiz\u00f3 mediante una convocatoria p\u00fablica y abierta. Las propuestas recibidas fueron evaluadas por un jurado conformado por el Secretario de Educaci\u00f3n, Cultura y Promoci\u00f3n de la Ciencia, Rafael Sachetto, el Coordinador de la Licenciatura en Composici\u00f3n Musical con Orientaci\u00f3n en M\u00fasica Popular, lic. Eduardo El\u00eda y los representantes de UNIMUV, lic. Magali Supertino y lic. Alejandro Artacho. \u201cEs un orgullo para nosotros ver que, en ellos, participan muchos\/as alumnos\/as, graduados\/as y docentes de nuestra licenciatura\u201d, coment\u00f3 El\u00eda.<\/p>\n<p>Haciendo referencia a la modalidad virtual de la propuesta, el coordinador afirm\u00f3 que, por m\u00e1s que sea una \u201cforma relativamente nueva de llevar adelante conciertos y espect\u00e1culos\u201d, es de gran importancia el acceso libre, virtual y gratuito porque \u201ces una modalidad que tiene potencial para hacer llegar la propuesta a m\u00e1s gente\u201d.<\/p>\n<p>Para finalizar, el licenciado declar\u00f3 que el aporte que realiza el Festival a la licenciatura es muy importante porque \u201chace visible el rol preponderante que tiene la Universidad y, en este caso, la carrera en Composici\u00f3n Musical, en la formaci\u00f3n con los\/as profesionales que forman parte de la comunidad art\u00edstica de la ciudad y la regi\u00f3n\u201d.<\/p>\n<p>Cabe mencionar que esta iniciativa, que busca acompa\u00f1ar la reactivaci\u00f3n del sector cultural y art\u00edstico independiente de la ciudad, es organizada por la Municipalidad de Villa Mar\u00eda, a trav\u00e9s de la Secretar\u00eda de Educaci\u00f3n, Cultura y Promoci\u00f3n de la Ciencia. Act\u00faan como coorganizadores, la Agencia C\u00f3rdoba Cultura, la Universidad Nacional Villa Mar\u00eda (UNVM), a trav\u00e9s del Instituto de Extensi\u00f3n y el Instituto de Investigaci\u00f3n, la Asociaci\u00f3n de Empresarios Regi\u00f3n Centro Argentino (AERCA), el Ente Regional de Desarrollo (ENRED) y la Mesa de Industrias Creativas y Culturales.<\/p>\n<p><a href=\"https:\/\/drive.google.com\/drive\/folders\/194QV-gMFD5JuDJltfYYug3YLjBHz1_DZ?usp=sharing\">Mir\u00e1 la grilla completa<\/a><\/p>\n<\/div>\n","protected":false},"excerpt":{"rendered":"<p>Transmitido en vivo a trav\u00e9s del canal de Youtube de Territorios Creativos, los\/as artistas Pedro Cabal, La Parsif\u00f3nica y La Red Infinita, brindaron un gran concierto en el primer d\u00eda del tercer festival. Comenz\u00f3 el tercer festival del programa QuedArte en Casa: \u201cFestival Virtual de M\u00fasica\u201d, que ser\u00e1 hasta el 21 de noviembre. Los\/as artistas [&hellip;]<\/p>\n","protected":false},"author":12,"featured_media":13950,"comment_status":"closed","ping_status":"closed","sticky":false,"template":"","format":"standard","meta":{"_exactmetrics_skip_tracking":false,"_exactmetrics_sitenote_active":false,"_exactmetrics_sitenote_note":"","_exactmetrics_sitenote_category":0,"footnotes":""},"categories":[2],"tags":[],"class_list":["post-13944","post","type-post","status-publish","format-standard","has-post-thumbnail","hentry","category-novedades"],"_links":{"self":[{"href":"https:\/\/extension.unvm.edu.ar\/index.php?rest_route=\/wp\/v2\/posts\/13944"}],"collection":[{"href":"https:\/\/extension.unvm.edu.ar\/index.php?rest_route=\/wp\/v2\/posts"}],"about":[{"href":"https:\/\/extension.unvm.edu.ar\/index.php?rest_route=\/wp\/v2\/types\/post"}],"author":[{"embeddable":true,"href":"https:\/\/extension.unvm.edu.ar\/index.php?rest_route=\/wp\/v2\/users\/12"}],"replies":[{"embeddable":true,"href":"https:\/\/extension.unvm.edu.ar\/index.php?rest_route=%2Fwp%2Fv2%2Fcomments&post=13944"}],"version-history":[{"count":7,"href":"https:\/\/extension.unvm.edu.ar\/index.php?rest_route=\/wp\/v2\/posts\/13944\/revisions"}],"predecessor-version":[{"id":13964,"href":"https:\/\/extension.unvm.edu.ar\/index.php?rest_route=\/wp\/v2\/posts\/13944\/revisions\/13964"}],"wp:featuredmedia":[{"embeddable":true,"href":"https:\/\/extension.unvm.edu.ar\/index.php?rest_route=\/wp\/v2\/media\/13950"}],"wp:attachment":[{"href":"https:\/\/extension.unvm.edu.ar\/index.php?rest_route=%2Fwp%2Fv2%2Fmedia&parent=13944"}],"wp:term":[{"taxonomy":"category","embeddable":true,"href":"https:\/\/extension.unvm.edu.ar\/index.php?rest_route=%2Fwp%2Fv2%2Fcategories&post=13944"},{"taxonomy":"post_tag","embeddable":true,"href":"https:\/\/extension.unvm.edu.ar\/index.php?rest_route=%2Fwp%2Fv2%2Ftags&post=13944"}],"curies":[{"name":"wp","href":"https:\/\/api.w.org\/{rel}","templated":true}]}}