{"id":13933,"date":"2020-11-10T19:42:54","date_gmt":"2020-11-10T19:42:54","guid":{"rendered":"https:\/\/extension.unvm.edu.ar\/?p=13933"},"modified":"2020-11-10T19:43:32","modified_gmt":"2020-11-10T19:43:32","slug":"conversatorio-por-el-lanzamiento-de-la-red-argentina-de-gestion-cultural","status":"publish","type":"post","link":"https:\/\/extension.unvm.edu.ar\/?p=13933","title":{"rendered":"Conversatorio por el lanzamiento de la Red Argentina de Gesti\u00f3n Cultural"},"content":{"rendered":"<div align=\"justify\">\n<em>Gesti\u00f3n Cultural y trabajo en red, as\u00ed se titula el encuentro que ser\u00e1 el pr\u00f3ximo 17 de noviembre a las 15 hs., transmitida en vivo por el Facebook de la Red Argentina de Gesti\u00f3n Cultural.<\/em><\/p>\n<p>El Instituto de Extensi\u00f3n de la Universidad Nacional Villa Mar\u00eda (UNVM), invita a participar del Conversatorio Internacional\u00a0\u201cGesti\u00f3n Cultural y trabajo en Red\u201d, organizado por la Red Argentina de Gesti\u00f3n Cultural, el pr\u00f3ximo 17 de noviembre a las 15 hs. El mismo, ser\u00e1 transmitido por el Facebook de la Red Argentina de Gesti\u00f3n Cultural y participar\u00e1n referentes internacionales que forman parte de redes en otros pa\u00edses de Am\u00e9rica Latina y Europa.<\/p>\n<p>Cabe mencionar que la Red Argentina de Gesti\u00f3n Cultural (RedArGC) es una plataforma de gesti\u00f3n conformada por personas pertenecientes a instituciones, organizaciones y proyectos de todo el territorio nacional. Est\u00e1n ligadas a la formaci\u00f3n, investigaci\u00f3n y ejercicio profesional de la gesti\u00f3n y las pol\u00edticas culturales que tiene como prop\u00f3sito contribuir al desarrollo y a la profesionalizaci\u00f3n de la Gesti\u00f3n Cultural en la Argentina.<\/p>\n<p>La actividad ser\u00e1 la primera acci\u00f3n p\u00fablica organizada por la Red y acompa\u00f1a la celebraci\u00f3n del aniversario de la salida del libro Gesti\u00f3n Cultural en la Argentina, que ser\u00e1 liberado para descarga gratuita en el sitio de RGC ediciones (www.rgcediciones.com.ar) ese mismo d\u00eda.<\/p>\n<p><strong>Participantes del encuentro:<\/strong><\/p>\n<p>Paola de la Vega Velastegui (Ecuador), Atzhiri Molina (M\u00e9xico), Elodie Bordat (Francia), Rafael Morales Astola (Espa\u00f1a) con la moderaci\u00f3n y en representaci\u00f3n de la Red estar\u00e1 Rubens Bayardo (Argentina).<\/p>\n<p>Elodie Bordat (Francia): Doctora en Ciencias Pol\u00edticas y directora de la Maestr\u00eda de Pol\u00edtica y Gesti\u00f3n de la Cultura en el Institut d\u2019Etudes Europ\u00e9ennes de la Universidad Paris 8.<\/p>\n<p>Paola de la Vega (Ecuador): Especialista en gesti\u00f3n cultural cr\u00edtica y pol\u00edticas culturales. Coordinadora de la Maestr\u00eda en Gesti\u00f3n Cultural y Pol\u00edticas Culturales de la Universidad Andina Sim\u00f3n Bol\u00edvar. Integrante del MCVC de Ecuador.<\/p>\n<p>Rafael Morales Astola (Espa\u00f1a): Doctor en Filolog\u00eda Hisp\u00e1nica (Ciencias del espect\u00e1culo) por la Universidad de Sevilla. Gestor cultural y presidente de la Asociaci\u00f3n de Gestores Culturales de Andaluc\u00eda. Fue presidente de la Federaci\u00f3n Espa\u00f1ola de Asociaciones de Gestores Culturales y de la Asociaci\u00f3n Ib\u00e9rica de Gestores Culturales.<\/p>\n<p>Ahtziri E. Molina Roldan (Mexico): Doctora en sociolog\u00eda. Investigadora y coordinadora del Centro de Estudios, Creaci\u00f3n y Documentaci\u00f3n de las Artes de la Universidad Veracruzana en M\u00e9xico. Desde 2018 es Presidenta de la Red Universitaria de Gesti\u00f3n Cultural de M\u00e9xico.<\/p>\n<p>Rubens Bayardo (Argentina): Doctor en Filosof\u00eda y Letras, \u00c1rea Antropolog\u00eda, UBA. Docente e Investigador en Econom\u00eda de la Cultura, Pol\u00edticas Culturales y Gesti\u00f3n Cultural. Director de la Carrera de Especializaci\u00f3n en Gesti\u00f3n Cultural y Pol\u00edticas Culturales, IDAES-UNSAM.\n<\/p><\/div>\n","protected":false},"excerpt":{"rendered":"<p>Gesti\u00f3n Cultural y trabajo en red, as\u00ed se titula el encuentro que ser\u00e1 el pr\u00f3ximo 17 de noviembre a las 15 hs., transmitida en vivo por el Facebook de la Red Argentina de Gesti\u00f3n Cultural. El Instituto de Extensi\u00f3n de la Universidad Nacional Villa Mar\u00eda (UNVM), invita a participar del Conversatorio Internacional\u00a0\u201cGesti\u00f3n Cultural y trabajo [&hellip;]<\/p>\n","protected":false},"author":12,"featured_media":13934,"comment_status":"closed","ping_status":"closed","sticky":false,"template":"","format":"standard","meta":{"_exactmetrics_skip_tracking":false,"_exactmetrics_sitenote_active":false,"_exactmetrics_sitenote_note":"","_exactmetrics_sitenote_category":0,"footnotes":""},"categories":[2],"tags":[],"class_list":["post-13933","post","type-post","status-publish","format-standard","has-post-thumbnail","hentry","category-novedades"],"_links":{"self":[{"href":"https:\/\/extension.unvm.edu.ar\/index.php?rest_route=\/wp\/v2\/posts\/13933"}],"collection":[{"href":"https:\/\/extension.unvm.edu.ar\/index.php?rest_route=\/wp\/v2\/posts"}],"about":[{"href":"https:\/\/extension.unvm.edu.ar\/index.php?rest_route=\/wp\/v2\/types\/post"}],"author":[{"embeddable":true,"href":"https:\/\/extension.unvm.edu.ar\/index.php?rest_route=\/wp\/v2\/users\/12"}],"replies":[{"embeddable":true,"href":"https:\/\/extension.unvm.edu.ar\/index.php?rest_route=%2Fwp%2Fv2%2Fcomments&post=13933"}],"version-history":[{"count":4,"href":"https:\/\/extension.unvm.edu.ar\/index.php?rest_route=\/wp\/v2\/posts\/13933\/revisions"}],"predecessor-version":[{"id":13948,"href":"https:\/\/extension.unvm.edu.ar\/index.php?rest_route=\/wp\/v2\/posts\/13933\/revisions\/13948"}],"wp:featuredmedia":[{"embeddable":true,"href":"https:\/\/extension.unvm.edu.ar\/index.php?rest_route=\/wp\/v2\/media\/13934"}],"wp:attachment":[{"href":"https:\/\/extension.unvm.edu.ar\/index.php?rest_route=%2Fwp%2Fv2%2Fmedia&parent=13933"}],"wp:term":[{"taxonomy":"category","embeddable":true,"href":"https:\/\/extension.unvm.edu.ar\/index.php?rest_route=%2Fwp%2Fv2%2Fcategories&post=13933"},{"taxonomy":"post_tag","embeddable":true,"href":"https:\/\/extension.unvm.edu.ar\/index.php?rest_route=%2Fwp%2Fv2%2Ftags&post=13933"}],"curies":[{"name":"wp","href":"https:\/\/api.w.org\/{rel}","templated":true}]}}