{"id":13920,"date":"2020-11-05T14:28:43","date_gmt":"2020-11-05T14:28:43","guid":{"rendered":"https:\/\/extension.unvm.edu.ar\/?p=13920"},"modified":"2020-11-05T14:31:11","modified_gmt":"2020-11-05T14:31:11","slug":"semana-del-emprendedor-consultorias-de-unipymes","status":"publish","type":"post","link":"https:\/\/extension.unvm.edu.ar\/?p=13920","title":{"rendered":"Semana del Emprendedor: Consultor\u00edas de UNIPYMES"},"content":{"rendered":"<div align=\"justify\">\n<em>Ser\u00e1n dos jornadas de actividades gratuitas a trav\u00e9s de la plataforma Google Meet. Destinado a emprendedores\/as, pymes o personas interesadas. Los pr\u00f3ximos martes 17 y jueves 19, de 9 a 12 hs.<\/em><\/p>\n<p>Del 16 al 22 de noviembre se celebra la Semana del Emprendedor. En el marco del D\u00eda Mundial del Emprendedor, proclamado el 16, se realizan instancias para propiciar el encuentro y la participaci\u00f3n de los\/as emprendedores\/as en un espacio en el que pueden realizar consultas, pedir sugerencias y consejos para el desarrollo de sus proyectos y adquirir nuevas herramientas.<\/p>\n<p>Este a\u00f1o, el programa UNIPYMES, dependiente de la Direcci\u00f3n de Transferencia Cient\u00edfico-Tecnol\u00f3gica del Instituto de Extensi\u00f3n, participar\u00e1 de la Semana del Emprendedor, brindando consultor\u00eda virtual a los\/as emprendedores\/as, pymes o personas en general que est\u00e9n interesadas en tem\u00e1ticas relacionadas al emprendedurismo y propiedad intelectual.<\/p>\n<p>Los cupos son limitados y las consultor\u00edas se realizar\u00e1n el martes 17 y el jueves 19 de noviembre de 2020, de 9:00 hs. a 12:00 hs. Las entrevistas son individuales, con el equipo de UNIPYMES integrado por los referentes de la Incubadora de Empresas de la UNVM, Juan Pablo Iturria y Martin Dutto y por el referente de la Oficina de Propiedad Intelectual, lic. Ariel Giordano. Se pueden agendar los turnos de 30 min en el link de inscripci\u00f3n. Es una actividad gratuita.<\/p>\n<p>Para tener presente:<\/p>\n<p>Los temas de consultor\u00eda abordar\u00e1n, por un lado Propiedad Intelectual (marcas, patentes, modelos y dise\u00f1os industriales, otros) y, por otro, Emprendedurismo (Fuente de financiamiento, metodolog\u00edas agiles, estructura de costos, marketing digital, modelados de negocios y planes de negocios, entre otros temas.)<\/p>\n<p>Ambas se realizar\u00e1n a trav\u00e9s de la plataforma virtual Google Meet. Link de Inscripci\u00f3n <a href=\"https:\/\/meet.google.com\/kkv-bfnz-yzc\">(ingresa ac\u00e1)<\/a>\u00a0El tiempo de la consulta, es m\u00e1ximo 30 min por reuni\u00f3n.<\/p>\n<p>Cabe mencionar que esta actividad es organizada por el equipo del Programa Unipymes, de la Direcci\u00f3n de Transferencia Cient\u00edfico Tecnol\u00f3gica del Instituto de Extensi\u00f3n, con el apoyo de la Municipalidad de Ordo\u00f1ez y el Parque Industrial Ordo\u00f1ez.<\/p>\n<p>Link de inscripciones: <a href=\"https:\/\/docs.google.com\/forms\/d\/e\/1FAIpQLScqa4JknOJJeIBn9GVs9QiaqeS_zgSiEpKN9fcjKKthteyd4g\/viewform\">Ingresa ac\u00e1<\/a><\/p>\n<p>Para m\u00e1s informaci\u00f3n: agiordano@unvm.edu.ar\n<\/p><\/div>\n","protected":false},"excerpt":{"rendered":"<p>Ser\u00e1n dos jornadas de actividades gratuitas a trav\u00e9s de la plataforma Google Meet. Destinado a emprendedores\/as, pymes o personas interesadas. Los pr\u00f3ximos martes 17 y jueves 19, de 9 a 12 hs. Del 16 al 22 de noviembre se celebra la Semana del Emprendedor. En el marco del D\u00eda Mundial del Emprendedor, proclamado el 16, [&hellip;]<\/p>\n","protected":false},"author":12,"featured_media":10848,"comment_status":"closed","ping_status":"closed","sticky":false,"template":"","format":"standard","meta":{"_exactmetrics_skip_tracking":false,"_exactmetrics_sitenote_active":false,"_exactmetrics_sitenote_note":"","_exactmetrics_sitenote_category":0,"footnotes":""},"categories":[2],"tags":[],"class_list":["post-13920","post","type-post","status-publish","format-standard","has-post-thumbnail","hentry","category-novedades"],"_links":{"self":[{"href":"https:\/\/extension.unvm.edu.ar\/index.php?rest_route=\/wp\/v2\/posts\/13920"}],"collection":[{"href":"https:\/\/extension.unvm.edu.ar\/index.php?rest_route=\/wp\/v2\/posts"}],"about":[{"href":"https:\/\/extension.unvm.edu.ar\/index.php?rest_route=\/wp\/v2\/types\/post"}],"author":[{"embeddable":true,"href":"https:\/\/extension.unvm.edu.ar\/index.php?rest_route=\/wp\/v2\/users\/12"}],"replies":[{"embeddable":true,"href":"https:\/\/extension.unvm.edu.ar\/index.php?rest_route=%2Fwp%2Fv2%2Fcomments&post=13920"}],"version-history":[{"count":4,"href":"https:\/\/extension.unvm.edu.ar\/index.php?rest_route=\/wp\/v2\/posts\/13920\/revisions"}],"predecessor-version":[{"id":13938,"href":"https:\/\/extension.unvm.edu.ar\/index.php?rest_route=\/wp\/v2\/posts\/13920\/revisions\/13938"}],"wp:featuredmedia":[{"embeddable":true,"href":"https:\/\/extension.unvm.edu.ar\/index.php?rest_route=\/wp\/v2\/media\/10848"}],"wp:attachment":[{"href":"https:\/\/extension.unvm.edu.ar\/index.php?rest_route=%2Fwp%2Fv2%2Fmedia&parent=13920"}],"wp:term":[{"taxonomy":"category","embeddable":true,"href":"https:\/\/extension.unvm.edu.ar\/index.php?rest_route=%2Fwp%2Fv2%2Fcategories&post=13920"},{"taxonomy":"post_tag","embeddable":true,"href":"https:\/\/extension.unvm.edu.ar\/index.php?rest_route=%2Fwp%2Fv2%2Ftags&post=13920"}],"curies":[{"name":"wp","href":"https:\/\/api.w.org\/{rel}","templated":true}]}}