{"id":13892,"date":"2020-10-27T15:45:43","date_gmt":"2020-10-27T15:45:43","guid":{"rendered":"https:\/\/extension.unvm.edu.ar\/?p=13892"},"modified":"2020-10-27T21:42:51","modified_gmt":"2020-10-27T21:42:51","slug":"area-de-formacion-continua-mas-de-3000-personas-se-capacitaron","status":"publish","type":"post","link":"https:\/\/extension.unvm.edu.ar\/?p=13892","title":{"rendered":"\u00c1rea de Formaci\u00f3n Continua: m\u00e1s de 3000 personas se capacitaron"},"content":{"rendered":"<div align=\"justify\">\n<em>El espacio re\u00fane todas las propuestas de capacitaci\u00f3n que ofrece el Instituto a la comunidad universitaria y al p\u00fablico en general. Este a\u00f1o han participado m\u00e1s de 3000 interesados\/as en los 20 espacios que se brindaron, replicados en diversas localidades.<\/em><\/p>\n<p>El \u00c1rea de Formaci\u00f3n Continua del Instituto de Extensi\u00f3n surgi\u00f3 este a\u00f1o, a partir de la necesidad de unificar las diversas propuestas de formaci\u00f3n que ofrece el Instituto a la comunidad universitaria, como as\u00ed tambi\u00e9n al p\u00fablico en general. Est\u00e1 coordinada, por las nodocentes, lic. Gisela Arce y Andrea Colomino.<\/p>\n<p>\u201cSurge para brindar a la comunidad universitaria y general, un canal institucionalizado para la recepci\u00f3n de propuestas de formaci\u00f3n sobre diversas tem\u00e1ticas y disciplinas\u201d, manifest\u00f3 la coordinadora Arce.<\/p>\n<p>Este a\u00f1o, se han desarrollado 20 espacios de formaci\u00f3n en distintos formatos como cursos, Webinar, diplomaturas, talleres, que se replicaron en localidades vecinas y tambi\u00e9n para diferentes destinatarios, en los que han participado m\u00e1s de 3000 interesados\/as. Al respecto, la coordinadora coment\u00f3: \u201cCada instancia tiene ciertas particularidades, recorridos, objetivos, que hace que los destinatarios var\u00eden\u201d.<\/p>\n<p>En lo que respecta a las Diplomaturas destinadas a docentes, su alcance fue mucho mayor, llegando a todo el pa\u00eds e incluso a pa\u00edses del exterior. Asimismo, Arce detall\u00f3 que los disertantes y docentes \u201cen algunos casos han sido integrantes del Instituto, que se especializan en diferentes disciplinas, en otros casos han sido docentes formados y referentes de las disciplinas que cada espacio de formaci\u00f3n propon\u00eda\u201d.<\/p>\n<p>Por su parte, Arce expres\u00f3 que el mes de diciembre ser\u00e1 un mes para evaluar y proyectar para el pr\u00f3ximo a\u00f1o. En tal sentido, agreg\u00f3: \u201cEstamos planificando para el 2021, nuevas propuestas abiertas a la comunidad, como tambi\u00e9n fortaleciendo un espacio tan necesario como lo es la formaci\u00f3n (\u2026) seguiremos profundizando y promoviendo el trabajo articulado con otras \u00e1reas de la UNVM y con instituciones del medio\u201d.<\/p>\n<p>Por \u00faltimo, la coordinadora hizo un balance de lo realizado durante el a\u00f1o, manifestando que fue un a\u00f1o muy positivo. \u201cCon el esfuerzo y el trabajo de los\/as integrantes del Instituto de Extensi\u00f3n, se fueron adaptando las distintas instancias de formaci\u00f3n a la virtualidad, permitiendo que el Instituto llegue a personas que, por su posici\u00f3n geogr\u00e1fica, quiz\u00e1s no pudieran haber accedido\u201d.<\/p>\n<p>Asimismo, agreg\u00f3 que lograron canalizar las instancias de formaci\u00f3n a trav\u00e9s de este espacio, \u201cunificando criterios y permitiendo evaluar el recorrido, aprender de los errores y generar nuevas propuestas\u201d.<\/p>\n<p>\u201cHemos permitido que m\u00e1s de 3000 personas hayan llegado a la Universidad a pesar del contexto que nos ha impuesto la pandemia (\u2026), adem\u00e1s promovimos a trav\u00e9s de la acci\u00f3n del trabajo articulado con otras \u00e1reas de la Universidad y con otras instituciones, sabiendo y entendiendo que el camino es el trabajo con otros, no s\u00f3lo pensando sino, creando comunidad\u201d, finaliz\u00f3.\n<\/p><\/div>\n","protected":false},"excerpt":{"rendered":"<p>El espacio re\u00fane todas las propuestas de capacitaci\u00f3n que ofrece el Instituto a la comunidad universitaria y al p\u00fablico en general. Este a\u00f1o han participado m\u00e1s de 3000 interesados\/as en los 20 espacios que se brindaron, replicados en diversas localidades. El \u00c1rea de Formaci\u00f3n Continua del Instituto de Extensi\u00f3n surgi\u00f3 este a\u00f1o, a partir de [&hellip;]<\/p>\n","protected":false},"author":12,"featured_media":13899,"comment_status":"closed","ping_status":"closed","sticky":false,"template":"","format":"standard","meta":{"_exactmetrics_skip_tracking":false,"_exactmetrics_sitenote_active":false,"_exactmetrics_sitenote_note":"","_exactmetrics_sitenote_category":0,"footnotes":""},"categories":[2],"tags":[],"class_list":["post-13892","post","type-post","status-publish","format-standard","has-post-thumbnail","hentry","category-novedades"],"_links":{"self":[{"href":"https:\/\/extension.unvm.edu.ar\/index.php?rest_route=\/wp\/v2\/posts\/13892"}],"collection":[{"href":"https:\/\/extension.unvm.edu.ar\/index.php?rest_route=\/wp\/v2\/posts"}],"about":[{"href":"https:\/\/extension.unvm.edu.ar\/index.php?rest_route=\/wp\/v2\/types\/post"}],"author":[{"embeddable":true,"href":"https:\/\/extension.unvm.edu.ar\/index.php?rest_route=\/wp\/v2\/users\/12"}],"replies":[{"embeddable":true,"href":"https:\/\/extension.unvm.edu.ar\/index.php?rest_route=%2Fwp%2Fv2%2Fcomments&post=13892"}],"version-history":[{"count":8,"href":"https:\/\/extension.unvm.edu.ar\/index.php?rest_route=\/wp\/v2\/posts\/13892\/revisions"}],"predecessor-version":[{"id":13926,"href":"https:\/\/extension.unvm.edu.ar\/index.php?rest_route=\/wp\/v2\/posts\/13892\/revisions\/13926"}],"wp:featuredmedia":[{"embeddable":true,"href":"https:\/\/extension.unvm.edu.ar\/index.php?rest_route=\/wp\/v2\/media\/13899"}],"wp:attachment":[{"href":"https:\/\/extension.unvm.edu.ar\/index.php?rest_route=%2Fwp%2Fv2%2Fmedia&parent=13892"}],"wp:term":[{"taxonomy":"category","embeddable":true,"href":"https:\/\/extension.unvm.edu.ar\/index.php?rest_route=%2Fwp%2Fv2%2Fcategories&post=13892"},{"taxonomy":"post_tag","embeddable":true,"href":"https:\/\/extension.unvm.edu.ar\/index.php?rest_route=%2Fwp%2Fv2%2Ftags&post=13892"}],"curies":[{"name":"wp","href":"https:\/\/api.w.org\/{rel}","templated":true}]}}