{"id":13787,"date":"2020-10-21T23:57:14","date_gmt":"2020-10-21T23:57:14","guid":{"rendered":"https:\/\/extension.unvm.edu.ar\/?p=13787"},"modified":"2020-10-21T23:57:20","modified_gmt":"2020-10-21T23:57:20","slug":"el-coro-de-ninos-y-ninas-participo-de-un-trato-x-el-buentrato","status":"publish","type":"post","link":"https:\/\/extension.unvm.edu.ar\/?p=13787","title":{"rendered":"El Coro de Ni\u00f1os y Ni\u00f1as particip\u00f3 de \u201cUn trato x el Buentrato\u201d"},"content":{"rendered":"<div align=\"justify\">\n<p><em>Los\/as integrantes del elenco estable de la UNVM, fueron invitados a ser parte de un encuentro virtual, con motivo de la 14\u00b0 Campa\u00f1a de Vacunaci\u00f3n contra el maltrato hacia ni\u00f1os, ni\u00f1as y adolescentes.<\/em><\/p>\n<p>El Coro de Ni\u00f1os y Ni\u00f1as, elenco estable perteneciente al Instituto de Extensi\u00f3n de la Universidad Nacional Villa Mar\u00eda (UNVM), llev\u00f3 a cabo la 14\u00b0 Campa\u00f1a de Vacunaci\u00f3n contra el maltrato hacia ni\u00f1os, ni\u00f1as y adolescentes, \u201cUn trato x el Buentrato\u201d, que se realiz\u00f3 de manera virtual, en la jornada de este mi\u00e9rcoles.<\/p>\n<p>En dicho encuentro, los\/as integrantes del Coro, \u201cvacunaron\u201d simb\u00f3licamente, al rector de la UNVM, abg. Luis Negretti y a la directora del Instituto de Extensi\u00f3n, lic. Gabriela Redondo. El m\u00e9todo consisti\u00f3 en una serie de preguntas que realizaban los\/as alumnos\/as y que ambos representantes contestaban y se compromet\u00edan a cumplir.<\/p>\n<p>Al finalizar ese acto, el rector de la UNVM afirm\u00f3: \u201cEs muy importante que ustedes se comprometan con esta campa\u00f1a y que nos hayan comprometido a nosotros (\u2026) porque los\/as adultos\/as estamos viviendo con un nivel de violencia bastante alto y la \u00fanica forma de modificar eso, es empezando por las nuevas generaciones, que son los que van a corregir las injusticias y los agravios que hoy se comenten\u201d.<\/p>\n<p>Al respecto, la directora Gabriela Redondo enfatiz\u00f3: \u201cComo adultos\/as, tenemos la responsabilidad y obligaci\u00f3n que, de manera conjunta, podamos construir un mundo mejor, un mundo en el que entremos todos\/as, nos aprendamos a escuchar y a aceptar las diferencias\u201d.<\/p>\n<p>En el encuentro, estuvieron presentes la directora del coro, lic. Ivana Perren, el preparador vocal, lic. Federico L\u00f3pez Gaviola, el guitarrista Juan Mur\u00faa, la trabajadora social, Jimena Gianinetto, la coordinadora de Elencos, lic. Marianela Bordese y la coordinadora de proyectos CyC Comunidad y Cambio Asociaci\u00f3n Civil, Leticia P\u00e9rez de Celis.<\/p>\n<p>Cabe recordar que, la Campa\u00f1a de Buentrato comenz\u00f3 en 2003, creada por un grupo de adolescentes y adultos\/as en el marco de las actividades de Claves. Tiene como antecedentes una consulta sobre maltrato y buentrato que adolescentes realizaron con distintos actores del \u00e1mbito legislativo, judicial y art\u00edstico, en el marco del involucramiento de Claves en la Red sobre Prevenci\u00f3n de Violencia del BICE (Oficina Cat\u00f3lica para la Infancia).<\/p>\n<p>A partir de esa consulta fue creada la metodolog\u00eda de vacunaci\u00f3n contra el maltrato hacia ni\u00f1os, ni\u00f1as y adolescentes, que consist\u00eda en una vacuna simb\u00f3lica que los\/as adolescentes llamaron \u201cantipeg\u00e1nica\u201d. Qued\u00f3 as\u00ed consolidado el eje de promoci\u00f3n de convivencia de la Campa\u00f1a de Buentrato.<\/p>\n<\/div>\n","protected":false},"excerpt":{"rendered":"<p>Los\/as integrantes del elenco estable de la UNVM, fueron invitados a ser parte de un encuentro virtual, con motivo de la 14\u00b0 Campa\u00f1a de Vacunaci\u00f3n contra el maltrato hacia ni\u00f1os, ni\u00f1as y adolescentes. El Coro de Ni\u00f1os y Ni\u00f1as, elenco estable perteneciente al Instituto de Extensi\u00f3n de la Universidad Nacional Villa Mar\u00eda (UNVM), llev\u00f3 a [&hellip;]<\/p>\n","protected":false},"author":12,"featured_media":13793,"comment_status":"closed","ping_status":"closed","sticky":false,"template":"","format":"standard","meta":{"_exactmetrics_skip_tracking":false,"_exactmetrics_sitenote_active":false,"_exactmetrics_sitenote_note":"","_exactmetrics_sitenote_category":0,"footnotes":""},"categories":[2],"tags":[],"class_list":["post-13787","post","type-post","status-publish","format-standard","has-post-thumbnail","hentry","category-novedades"],"_links":{"self":[{"href":"https:\/\/extension.unvm.edu.ar\/index.php?rest_route=\/wp\/v2\/posts\/13787"}],"collection":[{"href":"https:\/\/extension.unvm.edu.ar\/index.php?rest_route=\/wp\/v2\/posts"}],"about":[{"href":"https:\/\/extension.unvm.edu.ar\/index.php?rest_route=\/wp\/v2\/types\/post"}],"author":[{"embeddable":true,"href":"https:\/\/extension.unvm.edu.ar\/index.php?rest_route=\/wp\/v2\/users\/12"}],"replies":[{"embeddable":true,"href":"https:\/\/extension.unvm.edu.ar\/index.php?rest_route=%2Fwp%2Fv2%2Fcomments&post=13787"}],"version-history":[{"count":6,"href":"https:\/\/extension.unvm.edu.ar\/index.php?rest_route=\/wp\/v2\/posts\/13787\/revisions"}],"predecessor-version":[{"id":13896,"href":"https:\/\/extension.unvm.edu.ar\/index.php?rest_route=\/wp\/v2\/posts\/13787\/revisions\/13896"}],"wp:featuredmedia":[{"embeddable":true,"href":"https:\/\/extension.unvm.edu.ar\/index.php?rest_route=\/wp\/v2\/media\/13793"}],"wp:attachment":[{"href":"https:\/\/extension.unvm.edu.ar\/index.php?rest_route=%2Fwp%2Fv2%2Fmedia&parent=13787"}],"wp:term":[{"taxonomy":"category","embeddable":true,"href":"https:\/\/extension.unvm.edu.ar\/index.php?rest_route=%2Fwp%2Fv2%2Fcategories&post=13787"},{"taxonomy":"post_tag","embeddable":true,"href":"https:\/\/extension.unvm.edu.ar\/index.php?rest_route=%2Fwp%2Fv2%2Ftags&post=13787"}],"curies":[{"name":"wp","href":"https:\/\/api.w.org\/{rel}","templated":true}]}}