{"id":13760,"date":"2020-10-19T20:28:09","date_gmt":"2020-10-19T20:28:09","guid":{"rendered":"https:\/\/extension.unvm.edu.ar\/?p=13760"},"modified":"2020-10-19T20:37:29","modified_gmt":"2020-10-19T20:37:29","slug":"xviii-encuentro-nacional-de-programas-y-proyectos-universitarios-para-y-con-personas-mayores","status":"publish","type":"post","link":"https:\/\/extension.unvm.edu.ar\/?p=13760","title":{"rendered":"XVIII Encuentro Nacional de Programas y Proyectos Universitarios para y con Personas Mayores"},"content":{"rendered":"<div align=\"justify\">\n<p><em>Los d\u00edas 18, 19 y 20 de noviembre se llevar\u00e1 a cabo de manera virtual, organizado por nueve universidades de Argentina. Contar\u00e1 con diversos espacios de intercambio, como entrevistas, conversatorios y presentaci\u00f3n de ensayos y experiencias.<\/em><\/p>\n<p>Bajo el lema \u201cDi\u00e1logos, aprendizajes y desaf\u00edos\u201d se realizar\u00e1 de manera virtual el XVIII Encuentro Nacional de Programas y Proyectos Universitarios para y con Personas Mayores (EnProPeMa), los d\u00edas 18, 19 y 20 de noviembre. En el mismo, organizado por nueve universidades de Argentina, se propusieron diversos espacios de intercambio y reflexi\u00f3n relacionados a la tem\u00e1tica en cuesti\u00f3n.<\/p>\n<p>El objetivo del encuentro es promover la reflexi\u00f3n y construcci\u00f3n colectiva en torno a las personas mayores, desde la perspectiva de derecho y del rol de las instituciones universitarias, en el marco de sociedades inclusivas. Est\u00e1 destinado a profesionales, personas mayores, instituciones, organizaciones, estudiantes y egresados\/as.<\/p>\n<p>Durante las jornadas, los\/as interesados\/as podr\u00e1n presenciar entrevistas a referentes en el \u00e1rea, conversatorios en ejes tem\u00e1ticos espec\u00edficos y conocer experiencias, producciones y ensayos.<\/p>\n<p><strong>Presentaci\u00f3n de trabajos<\/strong><\/p>\n<p>La convocatoria a trabajos para formar parte del XVII EnProPeMa, est\u00e1 abierta hasta el 26 de octubre. La misma est\u00e1 organizada en cuatro categor\u00edas de trabajos relacionados con la gerontolog\u00eda: investigaci\u00f3n\/extensi\u00f3n y\/o pr\u00e1cticas integrales, relatos de experiencias, producciones y ensayos.<\/p>\n<p>Cabe mencionar que todos los documentos recibidos ser\u00e1n evaluados por un comit\u00e9 revisor y se comunicar\u00e1 el resultado el 6 de noviembre del corriente a\u00f1o.<\/p>\n<p>Las personas interesadas en enviar su trabajo, deben consultar\u00a0el <a href=\"https:\/\/extension.unvm.edu.ar\/wp-content\/uploads\/2020\/10\/Reglamento-presentacio\u00ecn-de-trabajos-XVIII-ENProPeMa-2020-1.pdf\">Reglamento de presentaci\u00f3n de trabajos XVIII ENProPeMa 2020<\/a> e ingresar tambi\u00e9n al <a href=\"https:\/\/docs.google.com\/forms\/d\/e\/1FAIpQLSdQieMrKbLXAzvUx_X8rkHpEZaOGojVEtHJiH6jjgAdi_gnFg\/viewform\">link del formulario de presentaci\u00f3n.<\/a><\/p>\n<p><strong>Jornadas para el trabajo intergeneracional<\/strong><\/p>\n<p>Durante esta edici\u00f3n del EnProPeMa, se llevar\u00e1n a cabo dos actividades que promueven la integraci\u00f3n y solidaridad intergeneracionales, del 7 de noviembre al 5 de diciembre, con el objetivo de construir redes de trabajo colaborativo entre personas interesadas en este campo.<\/p>\n<p>Considerando que la solidaridad intergeneracional promueve la cooperaci\u00f3n, integraci\u00f3n e intercambio entre personas y grupos de edades y, adem\u00e1s, favorece el compartir experiencias, habilidades y saberes, se plantean dos jornadas, una preparatoria y otra a modo de clausura.<\/p>\n<p>En tal sentido, el 7 de noviembre, ser\u00e1 un encuentro que convoca a interesados\/as a informarse e intercambiar aportes en vistas a participar en esta nueva edici\u00f3n. Mientras que, el 5 de diciembre, se vincula con la puesta en com\u00fan de criterios para presentar los registros resultantes del mencionado encuentro y la profundizaci\u00f3n de redes colaborativas.<\/p>\n<p>Ambas jornadas, est\u00e1n destinadas a estudiantes avanzados\/as y j\u00f3venes graduados\/as de distintas carreras universitarias vinculadas con el trabajo en educaci\u00f3n u otras pr\u00e1cticas territoriales y\/o la gesti\u00f3n de pol\u00edticas p\u00fablicas con y para personas mayores.<\/p>\n<p>Quienes est\u00e9n interesados\/as deben\u00a0ingresar al documento\u00a0<a href=\"https:\/\/extension.unvm.edu.ar\/wp-content\/uploads\/2020\/10\/Jornada-para-el-trabajo-intergeneracional-2020.pdf\">Jornada para el trabajo Intergeneracional 2020<\/a> para consultar por m\u00e1s informaci\u00f3n y completar el <a href=\"https:\/\/docs.google.com\/forms\/d\/e\/1FAIpQLScB_LEm7ylpw5pVpe8Rd9Xh-Pw81olrAfy2nbw7pUYzj-mR-w\/viewform\">link con el formulario de inscripci\u00f3n.<\/a><\/p>\n<p>Es importante mencionar, que el Instituto de Extensi\u00f3n de la Universidad Nacional Villa Mar\u00eda, participa como organizador a trav\u00e9s del Programa de Extensi\u00f3n Universitario para Adultos Mayores (PEUAM), en conjunto con la Universidad Nacional de C\u00f3rdoba, la Universidad Nacional de Entre R\u00edos, la Universidad Nacional de La Plata, la Universidad Nacional de Lomas de Zamora, la Universidad Nacional de Mar del Plata, la Universidad Nacional del Noroeste de la Pcia. de Buenos Aires, la Universidad Nacional de San Luis y la Universidad Cat\u00f3lica de C\u00f3rdoba.<\/p>\n<p>Todas las consultas tanto sobre el Encuentro Nacional, Jornadas intergeneracionales, como as\u00ed tambi\u00e9n presentaci\u00f3n de trabajos, deben enviarse al correo electr\u00f3nico: <a href=\"mailto:enpropema@extension.unc.edu.ar\">enpropema@extension.unc.edu.ar<\/a><\/p>\n<\/div>\n","protected":false},"excerpt":{"rendered":"<p>Los d\u00edas 18, 19 y 20 de noviembre se llevar\u00e1 a cabo de manera virtual, organizado por nueve universidades de Argentina. Contar\u00e1 con diversos espacios de intercambio, como entrevistas, conversatorios y presentaci\u00f3n de ensayos y experiencias. Bajo el lema \u201cDi\u00e1logos, aprendizajes y desaf\u00edos\u201d se realizar\u00e1 de manera virtual el XVIII Encuentro Nacional de Programas y [&hellip;]<\/p>\n","protected":false},"author":12,"featured_media":13768,"comment_status":"closed","ping_status":"closed","sticky":false,"template":"","format":"standard","meta":{"_exactmetrics_skip_tracking":false,"_exactmetrics_sitenote_active":false,"_exactmetrics_sitenote_note":"","_exactmetrics_sitenote_category":0,"footnotes":""},"categories":[2],"tags":[],"class_list":["post-13760","post","type-post","status-publish","format-standard","has-post-thumbnail","hentry","category-novedades"],"_links":{"self":[{"href":"https:\/\/extension.unvm.edu.ar\/index.php?rest_route=\/wp\/v2\/posts\/13760"}],"collection":[{"href":"https:\/\/extension.unvm.edu.ar\/index.php?rest_route=\/wp\/v2\/posts"}],"about":[{"href":"https:\/\/extension.unvm.edu.ar\/index.php?rest_route=\/wp\/v2\/types\/post"}],"author":[{"embeddable":true,"href":"https:\/\/extension.unvm.edu.ar\/index.php?rest_route=\/wp\/v2\/users\/12"}],"replies":[{"embeddable":true,"href":"https:\/\/extension.unvm.edu.ar\/index.php?rest_route=%2Fwp%2Fv2%2Fcomments&post=13760"}],"version-history":[{"count":9,"href":"https:\/\/extension.unvm.edu.ar\/index.php?rest_route=\/wp\/v2\/posts\/13760\/revisions"}],"predecessor-version":[{"id":13783,"href":"https:\/\/extension.unvm.edu.ar\/index.php?rest_route=\/wp\/v2\/posts\/13760\/revisions\/13783"}],"wp:featuredmedia":[{"embeddable":true,"href":"https:\/\/extension.unvm.edu.ar\/index.php?rest_route=\/wp\/v2\/media\/13768"}],"wp:attachment":[{"href":"https:\/\/extension.unvm.edu.ar\/index.php?rest_route=%2Fwp%2Fv2%2Fmedia&parent=13760"}],"wp:term":[{"taxonomy":"category","embeddable":true,"href":"https:\/\/extension.unvm.edu.ar\/index.php?rest_route=%2Fwp%2Fv2%2Fcategories&post=13760"},{"taxonomy":"post_tag","embeddable":true,"href":"https:\/\/extension.unvm.edu.ar\/index.php?rest_route=%2Fwp%2Fv2%2Ftags&post=13760"}],"curies":[{"name":"wp","href":"https:\/\/api.w.org\/{rel}","templated":true}]}}