{"id":13752,"date":"2020-10-19T20:48:11","date_gmt":"2020-10-19T20:48:11","guid":{"rendered":"https:\/\/extension.unvm.edu.ar\/?p=13752"},"modified":"2020-10-19T20:48:11","modified_gmt":"2020-10-19T20:48:11","slug":"esencia-muestra-de-producciones-audiovisuales","status":"publish","type":"post","link":"https:\/\/extension.unvm.edu.ar\/?p=13752","title":{"rendered":"Esencia: muestra de producciones audiovisuales"},"content":{"rendered":"<div align=\"justify\">\n<p><em>A fines de octubre, se podr\u00e1 disfrutar de una serie de producciones realizadas a los Elencos de la UNVM, con el prop\u00f3sito de seguir presentes, mostrando su identidad permanente y la esencia de cada uno.<\/em><\/p>\n<p>En la complejidad esc\u00e9nica que transitamos en la actualidad, desde el Instituto de Extensi\u00f3n de la Universidad Nacional Villa Mar\u00eda (UNVM), el cuerpo de Elencos Estables, resignific\u00f3 sus pr\u00e1cticas, sus formas y su esencia.<\/p>\n<p>De esta manera, nace una muestra de producciones audiovisuales, titulada \u201cEsencia\u201d, con el prop\u00f3sito de seguir presentes, desafiando la capacidad de emocionar y trascender.<\/p>\n<p>En tal sentido, la coordinadora de Elencos, lic. Marianela Bordese junto al equipo de productores audiovisuales integrado por Leandro Navall, Ezequiel Matnovich y Juli\u00e1n Fern\u00e1ndez Bertolini, comenzaron con el trabajo de producci\u00f3n y, a fines del mes de octubre, se podr\u00e1 disfrutar de nuevas narrativas art\u00edsticas de los Elencos de la UNVM.<\/p>\n<p>Entre ellos, el Coro Nonino, Coro de Ni\u00f1os y Ni\u00f1as, Coro de Adultos Mayores (CORAM), Guadal, Orquesta Escuela de Tango: La Cabulera, Cuarteto del 30, Danzamble, La Comedia y el Ballet Folkl\u00f3rico Universitario.<\/p>\n<p>En lo que respecta al nombre de la muestra, \u201cEsencia\u201d, hace referencia al conjunto de caracter\u00edsticas permanentes e invariables que determinan a un ser, sin las cuales no ser\u00edan lo que es. Al respecto, Bordese, coment\u00f3: \u201cIntentamos mostrar la existencia de los elencos, el ser de los elencos (\u2026) es una muestra de identidad permanente, de la esencia de cada uno y de nuestra Universidad como instituci\u00f3n\u201d.<\/p>\n<\/div>\n","protected":false},"excerpt":{"rendered":"<p>A fines de octubre, se podr\u00e1 disfrutar de una serie de producciones realizadas a los Elencos de la UNVM, con el prop\u00f3sito de seguir presentes, mostrando su identidad permanente y la esencia de cada uno. En la complejidad esc\u00e9nica que transitamos en la actualidad, desde el Instituto de Extensi\u00f3n de la Universidad Nacional Villa Mar\u00eda [&hellip;]<\/p>\n","protected":false},"author":12,"featured_media":10839,"comment_status":"closed","ping_status":"closed","sticky":false,"template":"","format":"standard","meta":{"_exactmetrics_skip_tracking":false,"_exactmetrics_sitenote_active":false,"_exactmetrics_sitenote_note":"","_exactmetrics_sitenote_category":0,"footnotes":""},"categories":[2],"tags":[],"class_list":["post-13752","post","type-post","status-publish","format-standard","has-post-thumbnail","hentry","category-novedades"],"_links":{"self":[{"href":"https:\/\/extension.unvm.edu.ar\/index.php?rest_route=\/wp\/v2\/posts\/13752"}],"collection":[{"href":"https:\/\/extension.unvm.edu.ar\/index.php?rest_route=\/wp\/v2\/posts"}],"about":[{"href":"https:\/\/extension.unvm.edu.ar\/index.php?rest_route=\/wp\/v2\/types\/post"}],"author":[{"embeddable":true,"href":"https:\/\/extension.unvm.edu.ar\/index.php?rest_route=\/wp\/v2\/users\/12"}],"replies":[{"embeddable":true,"href":"https:\/\/extension.unvm.edu.ar\/index.php?rest_route=%2Fwp%2Fv2%2Fcomments&post=13752"}],"version-history":[{"count":7,"href":"https:\/\/extension.unvm.edu.ar\/index.php?rest_route=\/wp\/v2\/posts\/13752\/revisions"}],"predecessor-version":[{"id":13791,"href":"https:\/\/extension.unvm.edu.ar\/index.php?rest_route=\/wp\/v2\/posts\/13752\/revisions\/13791"}],"wp:featuredmedia":[{"embeddable":true,"href":"https:\/\/extension.unvm.edu.ar\/index.php?rest_route=\/wp\/v2\/media\/10839"}],"wp:attachment":[{"href":"https:\/\/extension.unvm.edu.ar\/index.php?rest_route=%2Fwp%2Fv2%2Fmedia&parent=13752"}],"wp:term":[{"taxonomy":"category","embeddable":true,"href":"https:\/\/extension.unvm.edu.ar\/index.php?rest_route=%2Fwp%2Fv2%2Fcategories&post=13752"},{"taxonomy":"post_tag","embeddable":true,"href":"https:\/\/extension.unvm.edu.ar\/index.php?rest_route=%2Fwp%2Fv2%2Ftags&post=13752"}],"curies":[{"name":"wp","href":"https:\/\/api.w.org\/{rel}","templated":true}]}}