{"id":13688,"date":"2020-09-25T21:18:13","date_gmt":"2020-09-25T21:18:13","guid":{"rendered":"https:\/\/extension.unvm.edu.ar\/?p=13688"},"modified":"2020-09-25T21:18:13","modified_gmt":"2020-09-25T21:18:13","slug":"pac-emprendedor-reactivacion-productiva","status":"publish","type":"post","link":"https:\/\/extension.unvm.edu.ar\/?p=13688","title":{"rendered":"PAC Emprendedor: Reactivaci\u00f3n Productiva"},"content":{"rendered":"<div align=\"justify\">\n<p><em>Se brindar\u00e1 una charla informativa sobre el programa, el pr\u00f3ximo martes 29, a las 10 hs., con el objetivo de acercar los aspectos a tener en cuenta para presentar proyectos. <\/em><\/p>\n<p>La Direcci\u00f3n de Transferencia Cient\u00edfico-Tecnol\u00f3gica del Instituto de Extensi\u00f3n perteneciente a la Universidad Nacional Villa Mar\u00eda (UNVM), invita a la participaci\u00f3n de una charla informativa sobre el lanzamiento del PAC Emprendedor: Reactivaci\u00f3n Productiva. La misma ser\u00e1 el pr\u00f3ximo martes 29 a las 10 hs., por Google Meet.<\/p>\n<p>Cabe mencionar, que la charla estar\u00e1 a cargo del director de Desarrollo y Promoci\u00f3n del Financiamiento Emprendedor- Subsecretar\u00eda de Emprendedores de la Naci\u00f3n, Sebasti\u00e1n Morandi. El objetivo del encuentro, es acercar a los\/as emprendedores\/as, los aspectos importantes a tener en cuenta para presentar su proyecto, profundizando sobre diversas l\u00edneas de asistencia t\u00e9cnica.<\/p>\n<p>Entre ellas, el desarrollo de servicios tecnol\u00f3gicos y actividades tendientes a generar cambios innovadores; la adopci\u00f3n de tecnolog\u00edas e innovaciones para la mejora de la productividad; la adecuaci\u00f3n de instalaciones en espacios productivos que resulten necesarias para la implementaci\u00f3n de protocolos; y la creaci\u00f3n de nuevas l\u00edneas de productos\/servicios y\/o ampliaci\u00f3n de la capacidad productiva para contribuir al cumplimiento de los protocolos exigidos.<\/p>\n<p>Por su parte, el PAC Emprendedor: Reactivaci\u00f3n Productiva, es un programa del Ministerio de Producci\u00f3n de la Naci\u00f3n, que busca financiar a emprendedores\/as que colaboren a la reactivaci\u00f3n productiva, mediante el desarrollo o adopci\u00f3n de soluciones tecnol\u00f3gicas y la introducci\u00f3n de equipamientos, herramientas e innovaciones al proceso productivo.<\/p>\n<p>Organiza el Ecosistema Emprendedor Villa Mar\u00eda y Regi\u00f3n y participan la Municipalidad de Villa Mar\u00eda (MVM), la UNVM, la Facultad Regional Villa Mar\u00eda (UTN FRVM), el Cl\u00faster de Impulso Tecnol\u00f3gico Villa Mar\u00eda (CIT), la Asociaci\u00f3n de Empresarios Regi\u00f3n Centro Argentino (AERCA), la Municipalidad de Villa Nueva (MVN), el Centro Comercial Villa Nueva (CeCips) y el Parque Industrial, Log\u00edstico y Tecnol\u00f3gico Villa Mar\u00eda (PILT).<\/p>\n<\/div>\n","protected":false},"excerpt":{"rendered":"<p>Se brindar\u00e1 una charla informativa sobre el programa, el pr\u00f3ximo martes 29, a las 10 hs., con el objetivo de acercar los aspectos a tener en cuenta para presentar proyectos. La Direcci\u00f3n de Transferencia Cient\u00edfico-Tecnol\u00f3gica del Instituto de Extensi\u00f3n perteneciente a la Universidad Nacional Villa Mar\u00eda (UNVM), invita a la participaci\u00f3n de una charla informativa [&hellip;]<\/p>\n","protected":false},"author":12,"featured_media":13689,"comment_status":"closed","ping_status":"closed","sticky":false,"template":"","format":"standard","meta":{"_exactmetrics_skip_tracking":false,"_exactmetrics_sitenote_active":false,"_exactmetrics_sitenote_note":"","_exactmetrics_sitenote_category":0,"footnotes":""},"categories":[2],"tags":[],"class_list":["post-13688","post","type-post","status-publish","format-standard","has-post-thumbnail","hentry","category-novedades"],"_links":{"self":[{"href":"https:\/\/extension.unvm.edu.ar\/index.php?rest_route=\/wp\/v2\/posts\/13688"}],"collection":[{"href":"https:\/\/extension.unvm.edu.ar\/index.php?rest_route=\/wp\/v2\/posts"}],"about":[{"href":"https:\/\/extension.unvm.edu.ar\/index.php?rest_route=\/wp\/v2\/types\/post"}],"author":[{"embeddable":true,"href":"https:\/\/extension.unvm.edu.ar\/index.php?rest_route=\/wp\/v2\/users\/12"}],"replies":[{"embeddable":true,"href":"https:\/\/extension.unvm.edu.ar\/index.php?rest_route=%2Fwp%2Fv2%2Fcomments&post=13688"}],"version-history":[{"count":4,"href":"https:\/\/extension.unvm.edu.ar\/index.php?rest_route=\/wp\/v2\/posts\/13688\/revisions"}],"predecessor-version":[{"id":13700,"href":"https:\/\/extension.unvm.edu.ar\/index.php?rest_route=\/wp\/v2\/posts\/13688\/revisions\/13700"}],"wp:featuredmedia":[{"embeddable":true,"href":"https:\/\/extension.unvm.edu.ar\/index.php?rest_route=\/wp\/v2\/media\/13689"}],"wp:attachment":[{"href":"https:\/\/extension.unvm.edu.ar\/index.php?rest_route=%2Fwp%2Fv2%2Fmedia&parent=13688"}],"wp:term":[{"taxonomy":"category","embeddable":true,"href":"https:\/\/extension.unvm.edu.ar\/index.php?rest_route=%2Fwp%2Fv2%2Fcategories&post=13688"},{"taxonomy":"post_tag","embeddable":true,"href":"https:\/\/extension.unvm.edu.ar\/index.php?rest_route=%2Fwp%2Fv2%2Ftags&post=13688"}],"curies":[{"name":"wp","href":"https:\/\/api.w.org\/{rel}","templated":true}]}}