{"id":13674,"date":"2020-09-22T18:37:15","date_gmt":"2020-09-22T18:37:15","guid":{"rendered":"https:\/\/extension.unvm.edu.ar\/?p=13674"},"modified":"2020-09-25T20:45:00","modified_gmt":"2020-09-25T20:45:00","slug":"se-realizara-una-expo-educativa-y-cultural-virtual","status":"publish","type":"post","link":"https:\/\/extension.unvm.edu.ar\/?p=13674","title":{"rendered":"Expo Educativa y Cultural en San Francisco"},"content":{"rendered":"<div align=\"justify\">\n<p><em>La propuesta ser\u00e1 bajo modalidad virtual. Participar\u00e1 la UNVM, a trav\u00e9s del Instituto de Extensi\u00f3n y la carrera de Medicina Veterinaria (sede Villa del Rosario). Comienza el pr\u00f3ximo 28 de septiembre hasta el 4 de octubre.<\/em><\/p>\n<p>En el marco de sus fiestas patronales y con la premisa de acercar un propuesta cultural y educativa a sus ciudadanos\/as, el Municipio de Villa de Rosario junto a otras instituciones organiza una exposici\u00f3n cuyos lemas principales invitan a \u201cpensar, aprender y disfrutar\u201d.<\/p>\n<p>A trav\u00e9s del Instituto de Extensi\u00f3n y la carrera de Medicina Veterinaria (sede Villa del Rosario) dependiente del Instituto de Ciencias B\u00e1sicas y Aplicadas, la Universidad Nacional Villa Mar\u00eda (UNVM), estar\u00e1 presente con diferentes propuestas.<\/p>\n<p>La exposici\u00f3n dar\u00e1 comienzo el pr\u00f3ximo 28 de septiembre y se extender\u00e1 hasta el 4 de octubre. Entre sus actividades habr\u00e1 conversatorios v\u00eda Meet con referentes nacionales, presentaci\u00f3n de proyectos institucionales, talleres, tutoriales y muestras din\u00e1micas.<\/p>\n<p>El lunes 28 de septiembre, desde las 16 hs., por la Plataforma Google Meet, el fil\u00f3sofo Dar\u00edo Sztajnszrajber\u200b brindar\u00e1 la conferencia abierta \u201cFilosof\u00eda a martillazos\u2026el cuerpo\u201d. \u00a0Adem\u00e1s, se proyectar\u00e1 el audiovisual \u201cDiversidad de los cuerpxs\u201d realizado por el elenco estable del Instituto de Extensi\u00f3n y el grupo Danzamble, y se enviar\u00e1n audiocuentos v\u00eda WhatsApp.<\/p>\n<p>Inscripci\u00f3n para el conversatorio: <a href=\"http:\/\/tinyurl.com\/dariozeta\">Ingresa ac\u00e1<\/a><\/p>\n<p>Agenda completa de actividades: <a href=\"https:\/\/www.villadelrosario.gob.ar\/?q=content\/agenda-actividades-expo-educativa-cultural\">Ingresa ac\u00e1<\/a><\/p>\n<\/div>\n","protected":false},"excerpt":{"rendered":"<p>La propuesta ser\u00e1 bajo modalidad virtual. Participar\u00e1 la UNVM, a trav\u00e9s del Instituto de Extensi\u00f3n y la carrera de Medicina Veterinaria (sede Villa del Rosario). Comienza el pr\u00f3ximo 28 de septiembre hasta el 4 de octubre. En el marco de sus fiestas patronales y con la premisa de acercar un propuesta cultural y educativa a [&hellip;]<\/p>\n","protected":false},"author":12,"featured_media":13675,"comment_status":"closed","ping_status":"closed","sticky":false,"template":"","format":"standard","meta":{"_exactmetrics_skip_tracking":false,"_exactmetrics_sitenote_active":false,"_exactmetrics_sitenote_note":"","_exactmetrics_sitenote_category":0,"footnotes":""},"categories":[2],"tags":[],"class_list":["post-13674","post","type-post","status-publish","format-standard","has-post-thumbnail","hentry","category-novedades"],"_links":{"self":[{"href":"https:\/\/extension.unvm.edu.ar\/index.php?rest_route=\/wp\/v2\/posts\/13674"}],"collection":[{"href":"https:\/\/extension.unvm.edu.ar\/index.php?rest_route=\/wp\/v2\/posts"}],"about":[{"href":"https:\/\/extension.unvm.edu.ar\/index.php?rest_route=\/wp\/v2\/types\/post"}],"author":[{"embeddable":true,"href":"https:\/\/extension.unvm.edu.ar\/index.php?rest_route=\/wp\/v2\/users\/12"}],"replies":[{"embeddable":true,"href":"https:\/\/extension.unvm.edu.ar\/index.php?rest_route=%2Fwp%2Fv2%2Fcomments&post=13674"}],"version-history":[{"count":7,"href":"https:\/\/extension.unvm.edu.ar\/index.php?rest_route=\/wp\/v2\/posts\/13674\/revisions"}],"predecessor-version":[{"id":13693,"href":"https:\/\/extension.unvm.edu.ar\/index.php?rest_route=\/wp\/v2\/posts\/13674\/revisions\/13693"}],"wp:featuredmedia":[{"embeddable":true,"href":"https:\/\/extension.unvm.edu.ar\/index.php?rest_route=\/wp\/v2\/media\/13675"}],"wp:attachment":[{"href":"https:\/\/extension.unvm.edu.ar\/index.php?rest_route=%2Fwp%2Fv2%2Fmedia&parent=13674"}],"wp:term":[{"taxonomy":"category","embeddable":true,"href":"https:\/\/extension.unvm.edu.ar\/index.php?rest_route=%2Fwp%2Fv2%2Fcategories&post=13674"},{"taxonomy":"post_tag","embeddable":true,"href":"https:\/\/extension.unvm.edu.ar\/index.php?rest_route=%2Fwp%2Fv2%2Ftags&post=13674"}],"curies":[{"name":"wp","href":"https:\/\/api.w.org\/{rel}","templated":true}]}}