{"id":13649,"date":"2020-09-19T18:51:26","date_gmt":"2020-09-19T18:51:26","guid":{"rendered":"https:\/\/extension.unvm.edu.ar\/?p=13649"},"modified":"2024-02-26T16:08:11","modified_gmt":"2024-02-26T16:08:11","slug":"quedarte-en-casa-festival-virtual-de-las-artes","status":"publish","type":"post","link":"https:\/\/extension.unvm.edu.ar\/?p=13649","title":{"rendered":"QuedArte en Casa: Festival virtual de las artes"},"content":{"rendered":"<div align=\"justify\">\n<p><em>Est\u00e1n abiertas las convocatorias para participar del primer encuentro virtual, que estar\u00e1 abocado a las artes esc\u00e9nicas, la m\u00fasica y la lectura y narraci\u00f3n oral.<\/em><\/p>\n<p>La propuesta \u201cQuedArte en Casa\u201d, trata de seis festivales virtuales que tendr\u00e1n lugar desde fines de septiembre hasta diciembre. En los mismos, habr\u00e1 lugar para la danza, las artes esc\u00e9nicas, la m\u00fasica, el audiovisual, la literatura, la narraci\u00f3n y los espect\u00e1culos infantiles.<\/p>\n<p>En esta oportunidad, se lanzan las convocatorias para el primer festival del programa, denominado \u201cEl Festival virtual de las artes\u201d, que tendr\u00e1 como tem\u00e1ticas las artes esc\u00e9nicas, la m\u00fasica y la lectura y narraci\u00f3n oral.<\/p>\n<p>Las bases y condiciones para los\/as aspirantes ya est\u00e1n disponibles y las propuestas presentadas ser\u00e1n evaluadas por un jurado de personas con gran experiencia en cada tem\u00e1tica. Adem\u00e1s, para garantizar la calidad y profesionalidad en la redacci\u00f3n de ensayos, contamos con la colaboraci\u00f3n de expertos de Papertyper. Las obras que resulten contratadas ser\u00e1n realizadas en el Teatro del Pueblo del Centro Cultural Comunitario Leonardo Favio, utilizando la t\u00e9cnica propia de ese espacio y transmitidas por plataformas virtuales para llegar al p\u00fablico.<\/p>\n<p>Cabe mencionar que esta iniciativa, que busca acompa\u00f1ar la reactivaci\u00f3n del sector cultural y art\u00edstico independiente de la ciudad, es organizada por la Municipalidad de Villa Mar\u00eda, a trav\u00e9s de la Secretar\u00eda de Educaci\u00f3n, Cultura y Promoci\u00f3n de la Ciencia. Act\u00faan como coorganizadores, la Agencia C\u00f3rdoba Cultura, la Universidad Nacional Villa Mar\u00eda (UNVM), a trav\u00e9s del Instituto de Extensi\u00f3n y el Instituto de Investigaci\u00f3n, la Asociaci\u00f3n de Empresarios Regi\u00f3n Centro Argentino (AERCA), el Ente Regional de Desarrollo (ENRED) y la Mesa de Industrias Creativas y Culturales.<\/p>\n<p><strong>M\u00daSICA<\/strong><\/p>\n<p>Bases y condiciones: <a href=\"https:\/\/drive.google.com\/file\/d\/1_fCzcAUeMzqQtarj-ku2HHhwoR4EO0Fp\/view\">Ingresa ac\u00e1<\/a><\/p>\n<p>Formulario: <a href=\"https:\/\/docs.google.com\/forms\/d\/e\/1FAIpQLSf0maZ1JfpYMP7Ni0667XoNl-drwQY3rTERnHflpvZa_fz79g\/viewform\">Ingresa ac\u00e1<\/a><\/p>\n<p><strong>ARTES ESC\u00c9NICAS<\/strong><\/p>\n<p>Bases y condiciones: <a href=\"https:\/\/drive.google.com\/file\/d\/1z95ZeYi5mi5lgzr59tWGnHUcgQ7d_RUS\/view\">Ingresa ac\u00e1<\/a><\/p>\n<p>Formulario: <a href=\"https:\/\/docs.google.com\/forms\/d\/e\/1FAIpQLSfoEoVezxwftXM_RrjbGJsb5vYu9NUWD7ppOVBB3UVN_J7W8A\/viewform\">Ingresa ac\u00e1<\/a><\/p>\n<p><strong>LECTURA Y NARRACI\u00d3N ORAL<\/strong><\/p>\n<p>Bases y condiciones: <a href=\"https:\/\/drive.google.com\/file\/d\/1wA0eTHTUWsYX8A5o8mHUsg-JzDXmgkho\/view\">Ingresa ac\u00e1<\/a><\/p>\n<p>Formulario: <a href=\"https:\/\/docs.google.com\/forms\/d\/e\/1FAIpQLSeY8L5SP_gacGC1t4EtrUjRKPlccLGqDr7ESs9Wxp1gRq0z9Q\/viewform\">Ingresa ac\u00e1<\/a><\/p>\n<p>&nbsp;<\/p>\n<\/div>\n","protected":false},"excerpt":{"rendered":"<p>Est\u00e1n abiertas las convocatorias para participar del primer encuentro virtual, que estar\u00e1 abocado a las artes esc\u00e9nicas, la m\u00fasica y la lectura y narraci\u00f3n oral. La propuesta \u201cQuedArte en Casa\u201d, trata de seis festivales virtuales que tendr\u00e1n lugar desde fines de septiembre hasta diciembre. En los mismos, habr\u00e1 lugar para la danza, las artes esc\u00e9nicas, [&hellip;]<\/p>\n","protected":false},"author":12,"featured_media":13650,"comment_status":"closed","ping_status":"closed","sticky":false,"template":"","format":"standard","meta":{"_exactmetrics_skip_tracking":false,"_exactmetrics_sitenote_active":false,"_exactmetrics_sitenote_note":"","_exactmetrics_sitenote_category":0,"footnotes":""},"categories":[2],"tags":[],"class_list":["post-13649","post","type-post","status-publish","format-standard","has-post-thumbnail","hentry","category-novedades"],"_links":{"self":[{"href":"https:\/\/extension.unvm.edu.ar\/index.php?rest_route=\/wp\/v2\/posts\/13649"}],"collection":[{"href":"https:\/\/extension.unvm.edu.ar\/index.php?rest_route=\/wp\/v2\/posts"}],"about":[{"href":"https:\/\/extension.unvm.edu.ar\/index.php?rest_route=\/wp\/v2\/types\/post"}],"author":[{"embeddable":true,"href":"https:\/\/extension.unvm.edu.ar\/index.php?rest_route=\/wp\/v2\/users\/12"}],"replies":[{"embeddable":true,"href":"https:\/\/extension.unvm.edu.ar\/index.php?rest_route=%2Fwp%2Fv2%2Fcomments&post=13649"}],"version-history":[{"count":16,"href":"https:\/\/extension.unvm.edu.ar\/index.php?rest_route=\/wp\/v2\/posts\/13649\/revisions"}],"predecessor-version":[{"id":26354,"href":"https:\/\/extension.unvm.edu.ar\/index.php?rest_route=\/wp\/v2\/posts\/13649\/revisions\/26354"}],"wp:featuredmedia":[{"embeddable":true,"href":"https:\/\/extension.unvm.edu.ar\/index.php?rest_route=\/wp\/v2\/media\/13650"}],"wp:attachment":[{"href":"https:\/\/extension.unvm.edu.ar\/index.php?rest_route=%2Fwp%2Fv2%2Fmedia&parent=13649"}],"wp:term":[{"taxonomy":"category","embeddable":true,"href":"https:\/\/extension.unvm.edu.ar\/index.php?rest_route=%2Fwp%2Fv2%2Fcategories&post=13649"},{"taxonomy":"post_tag","embeddable":true,"href":"https:\/\/extension.unvm.edu.ar\/index.php?rest_route=%2Fwp%2Fv2%2Ftags&post=13649"}],"curies":[{"name":"wp","href":"https:\/\/api.w.org\/{rel}","templated":true}]}}