{"id":13635,"date":"2020-09-18T22:20:13","date_gmt":"2020-09-18T22:20:13","guid":{"rendered":"https:\/\/extension.unvm.edu.ar\/?p=13635"},"modified":"2020-09-18T22:28:28","modified_gmt":"2020-09-18T22:28:28","slug":"ciclo-de-capacitacion-evaluacion-de-politicas-publicas","status":"publish","type":"post","link":"https:\/\/extension.unvm.edu.ar\/?p=13635","title":{"rendered":"Ciclo de capacitaci\u00f3n: Evaluaci\u00f3n de pol\u00edticas p\u00fablicas"},"content":{"rendered":"<div align=\"justify\">\n<p><em>Ser\u00e1n tres encuentros virtuales, con el objetivo de fortalecer las capacidades institucionales para el dise\u00f1o, implementaci\u00f3n y evaluaci\u00f3n de pol\u00edticas p\u00fablicas nacionales, provinciales y municipales.\u00a0Se trabajar\u00e1 a partir de di\u00e1logos sobre las necesidades, desaf\u00edos y acciones ya realizadas.<\/em><\/p>\n<p>A partir del viernes 18, comienza el \u00abCiclo de Capacitaci\u00f3n sobre Construcci\u00f3n de Informaci\u00f3n Social, Seguimiento y Evaluaci\u00f3n de Pol\u00edticas P\u00fablicas\u00bb, que consta de tres encuentros con modalidad virtual, que tienen el objetivo de fortalecer las capacidades institucionales para el dise\u00f1o, implementaci\u00f3n y evaluaci\u00f3n de pol\u00edticas p\u00fablicas nacionales, provinciales y municipales.<\/p>\n<p>Cabe mencionar, que se trabajar\u00e1 a partir de di\u00e1logos sobre las necesidades, desaf\u00edos y acciones ya realizadas. Estar\u00e1 destinado a referentes de monitoreo y evaluaci\u00f3n de las provincias argentinas, docentes e investigadores\/as de la UNVM, estudiantes de grado y posgrado, miembros\/as de equipos de investigaci\u00f3n, integrantes de Observatorios de la UNVM y equipos t\u00e9cnicos y de gesti\u00f3n municipal.<\/p>\n<p>El primer encuentro se desarrolla el viernes 18, los temas que se abordar\u00e1n est\u00e1n relacionados a\u00a0\u201cEvaluaci\u00f3n y pol\u00edticas p\u00fablicas\u201d: Introducci\u00f3n a la tem\u00e1tica de modelos de evaluaci\u00f3n y la incidencia en la toma de decisiones p\u00fablicas\u201d. Como participantes, estar\u00e1n la directora nacional de SIEMPRO, Paula Amaya, la experta en evaluaci\u00f3n, profesora de la Universidad de Sevilla,\u00a0Carmela Velez, la vicerrectora de la UNVM, magter. Elizabeth Theiler y la decana del IAP Cs. Humanas, lic. Daniela Dubois.<\/p>\n<p>Por su parte, el segundo encuentro ser\u00e1 el 2 de octubre, con temas a desarrollar como\u00a0\u201cMetodolog\u00edas de evaluaci\u00f3n de pol\u00edticas p\u00fablicas\u201d Dise\u00f1o de evaluaci\u00f3n.\u00a0 Metodolog\u00eda para la construcci\u00f3n y socializaci\u00f3n de la informaci\u00f3n. Y, el tercer encuentro el 23 de octubre, donde de hablar\u00e1 de\u00a0\u201cMetodolog\u00edas de an\u00e1lisis de informaci\u00f3n social. Construcci\u00f3n de indicadores, calidad de los datos\u00bb.<\/p>\n<p>Es importante mencionar que es un ciclo organizado en el marco del Programa de formaci\u00f3n y capacitaci\u00f3n del Sistema de Informaci\u00f3n, monitoreo y Evaluaci\u00f3n (SIEMPRO) del Consejo de Coordinaci\u00f3n de Pol\u00edticas Sociales de la Presidencia de la Naci\u00f3n en acuerdo con el Programa de fortalecimiento de la Articulaci\u00f3n y de la Calidad Universitaria, en conjunto con los IAP de Ciencias Sociales, Ciencias B\u00e1sicas y Aplicadas y Ciencias Humanas, el Observatorio Integral de la Regi\u00f3n (OIR) del Instituto de Extensi\u00f3n, el Observatorio de Pol\u00edticas P\u00fablicas de la Universidad Nacional Villa Mar\u00eda (UNVM), el Ente Regional para el Desarrollo (ENRED).<\/p>\n<p><a href=\"#_ftn2\" name=\"_ftnref2\"><\/a><\/p>\n<\/div>\n","protected":false},"excerpt":{"rendered":"<p>Ser\u00e1n tres encuentros virtuales, con el objetivo de fortalecer las capacidades institucionales para el dise\u00f1o, implementaci\u00f3n y evaluaci\u00f3n de pol\u00edticas p\u00fablicas nacionales, provinciales y municipales.\u00a0Se trabajar\u00e1 a partir de di\u00e1logos sobre las necesidades, desaf\u00edos y acciones ya realizadas. A partir del viernes 18, comienza el \u00abCiclo de Capacitaci\u00f3n sobre Construcci\u00f3n de Informaci\u00f3n Social, Seguimiento y [&hellip;]<\/p>\n","protected":false},"author":12,"featured_media":13637,"comment_status":"closed","ping_status":"closed","sticky":false,"template":"","format":"standard","meta":{"_exactmetrics_skip_tracking":false,"_exactmetrics_sitenote_active":false,"_exactmetrics_sitenote_note":"","_exactmetrics_sitenote_category":0,"footnotes":""},"categories":[2],"tags":[],"class_list":["post-13635","post","type-post","status-publish","format-standard","has-post-thumbnail","hentry","category-novedades"],"_links":{"self":[{"href":"https:\/\/extension.unvm.edu.ar\/index.php?rest_route=\/wp\/v2\/posts\/13635"}],"collection":[{"href":"https:\/\/extension.unvm.edu.ar\/index.php?rest_route=\/wp\/v2\/posts"}],"about":[{"href":"https:\/\/extension.unvm.edu.ar\/index.php?rest_route=\/wp\/v2\/types\/post"}],"author":[{"embeddable":true,"href":"https:\/\/extension.unvm.edu.ar\/index.php?rest_route=\/wp\/v2\/users\/12"}],"replies":[{"embeddable":true,"href":"https:\/\/extension.unvm.edu.ar\/index.php?rest_route=%2Fwp%2Fv2%2Fcomments&post=13635"}],"version-history":[{"count":6,"href":"https:\/\/extension.unvm.edu.ar\/index.php?rest_route=\/wp\/v2\/posts\/13635\/revisions"}],"predecessor-version":[{"id":13667,"href":"https:\/\/extension.unvm.edu.ar\/index.php?rest_route=\/wp\/v2\/posts\/13635\/revisions\/13667"}],"wp:featuredmedia":[{"embeddable":true,"href":"https:\/\/extension.unvm.edu.ar\/index.php?rest_route=\/wp\/v2\/media\/13637"}],"wp:attachment":[{"href":"https:\/\/extension.unvm.edu.ar\/index.php?rest_route=%2Fwp%2Fv2%2Fmedia&parent=13635"}],"wp:term":[{"taxonomy":"category","embeddable":true,"href":"https:\/\/extension.unvm.edu.ar\/index.php?rest_route=%2Fwp%2Fv2%2Fcategories&post=13635"},{"taxonomy":"post_tag","embeddable":true,"href":"https:\/\/extension.unvm.edu.ar\/index.php?rest_route=%2Fwp%2Fv2%2Ftags&post=13635"}],"curies":[{"name":"wp","href":"https:\/\/api.w.org\/{rel}","templated":true}]}}