{"id":13001,"date":"2020-08-25T22:58:03","date_gmt":"2020-08-25T22:58:03","guid":{"rendered":"http:\/\/extension.unvm.edu.ar\/?p=13001"},"modified":"2020-08-25T22:58:03","modified_gmt":"2020-08-25T22:58:03","slug":"llega-made-in-villa-maria","status":"publish","type":"post","link":"https:\/\/extension.unvm.edu.ar\/?p=13001","title":{"rendered":"Llega \u201cMade in Villa Mar\u00eda\u201d"},"content":{"rendered":"<div align=\"justify\">\n<p><em>Como parte de una serie de conciertos con artistas villamarienses, la primera emisi\u00f3n v\u00eda streaming ser\u00e1 el pr\u00f3ximo jueves 27 a las 21 hs, de manera gratuita, con Pablo Cordero e invitados.<\/em><\/p>\n<p>\u201cMade in Villa Mar\u00eda\u201d, as\u00ed se denomin\u00f3 a una serie de conciertos con artistas villamarienses, que comenzar\u00e1 el pr\u00f3ximo jueves 27 de agosto, a las 21 hs. Ser\u00e1 la primera emisi\u00f3n v\u00eda streaming, de manera gratuita, con Pablo Cordero como primer invitado y amigos\/as.<\/p>\n<p>En entrevista con el gestor del proyecto, el reconocido sonidista de la ciudad, Luis L\u00f3pez, coment\u00f3 que los conciertos se realizar\u00e1n desde el Auditorio del Campus de la Universidad Nacional Villa Mar\u00eda (UNVM). \u201cPor una cuesti\u00f3n de seguridad, estar\u00e1n los dos m\u00fasicos, t\u00e9cnicos y sonidistas, en total no somos m\u00e1s de 10 personas trabajando\u201d, afirm\u00f3.<\/p>\n<p>Asimismo, el sonidista manifest\u00f3 que los conciertos se realizar\u00e1n cada 15 d\u00edas, hasta el mes de noviembre: \u201cEn el mes de septiembre, la idea es hacer tres conciertos, por el Aniversario de la ciudad, ya lo tenemos dise\u00f1ado\u201d. Adem\u00e1s, con respecto a los\/as artistas invitados\/as s\u00f3lo adelant\u00f3 que participar\u00e1n Fabricio Rodr\u00edguez, Arrasa como Topadora, grupos de danzas, el ensamble y muchos\/as m\u00e1s.<\/p>\n<p>Por \u00faltimo, L\u00f3pez asegur\u00f3 que es un gran desaf\u00edo trabajar en este nuevo formato, pero que pudieron reacomodarse y trabajar v\u00eda internet. Al respecto expres\u00f3: \u201cEsperamos que tengamos un gran show y que muchas personas puedan conocer a los grandes valores locales que tiene Villa Mar\u00eda\u201d.<\/p>\n<p>Cabe mencionar que el Instituto de Extensi\u00f3n de dicha Universidad colabora en la ejecuci\u00f3n del mismo.<\/p>\n<\/div>\n","protected":false},"excerpt":{"rendered":"<p>Como parte de una serie de conciertos con artistas villamarienses, la primera emisi\u00f3n v\u00eda streaming ser\u00e1 el pr\u00f3ximo jueves 27 a las 21 hs, de manera gratuita, con Pablo Cordero e invitados. \u201cMade in Villa Mar\u00eda\u201d, as\u00ed se denomin\u00f3 a una serie de conciertos con artistas villamarienses, que comenzar\u00e1 el pr\u00f3ximo jueves 27 de agosto, [&hellip;]<\/p>\n","protected":false},"author":12,"featured_media":13004,"comment_status":"closed","ping_status":"closed","sticky":false,"template":"","format":"standard","meta":{"_exactmetrics_skip_tracking":false,"_exactmetrics_sitenote_active":false,"_exactmetrics_sitenote_note":"","_exactmetrics_sitenote_category":0,"footnotes":""},"categories":[2],"tags":[],"class_list":["post-13001","post","type-post","status-publish","format-standard","has-post-thumbnail","hentry","category-novedades"],"_links":{"self":[{"href":"https:\/\/extension.unvm.edu.ar\/index.php?rest_route=\/wp\/v2\/posts\/13001"}],"collection":[{"href":"https:\/\/extension.unvm.edu.ar\/index.php?rest_route=\/wp\/v2\/posts"}],"about":[{"href":"https:\/\/extension.unvm.edu.ar\/index.php?rest_route=\/wp\/v2\/types\/post"}],"author":[{"embeddable":true,"href":"https:\/\/extension.unvm.edu.ar\/index.php?rest_route=\/wp\/v2\/users\/12"}],"replies":[{"embeddable":true,"href":"https:\/\/extension.unvm.edu.ar\/index.php?rest_route=%2Fwp%2Fv2%2Fcomments&post=13001"}],"version-history":[{"count":3,"href":"https:\/\/extension.unvm.edu.ar\/index.php?rest_route=\/wp\/v2\/posts\/13001\/revisions"}],"predecessor-version":[{"id":13015,"href":"https:\/\/extension.unvm.edu.ar\/index.php?rest_route=\/wp\/v2\/posts\/13001\/revisions\/13015"}],"wp:featuredmedia":[{"embeddable":true,"href":"https:\/\/extension.unvm.edu.ar\/index.php?rest_route=\/wp\/v2\/media\/13004"}],"wp:attachment":[{"href":"https:\/\/extension.unvm.edu.ar\/index.php?rest_route=%2Fwp%2Fv2%2Fmedia&parent=13001"}],"wp:term":[{"taxonomy":"category","embeddable":true,"href":"https:\/\/extension.unvm.edu.ar\/index.php?rest_route=%2Fwp%2Fv2%2Fcategories&post=13001"},{"taxonomy":"post_tag","embeddable":true,"href":"https:\/\/extension.unvm.edu.ar\/index.php?rest_route=%2Fwp%2Fv2%2Ftags&post=13001"}],"curies":[{"name":"wp","href":"https:\/\/api.w.org\/{rel}","templated":true}]}}