{"id":12968,"date":"2020-08-21T17:23:24","date_gmt":"2020-08-21T17:23:24","guid":{"rendered":"http:\/\/extension.unvm.edu.ar\/?p=12968"},"modified":"2020-08-21T17:27:24","modified_gmt":"2020-08-21T17:27:24","slug":"peuam-muestra-virtual-trabajo-en-progreso","status":"publish","type":"post","link":"https:\/\/extension.unvm.edu.ar\/?p=12968","title":{"rendered":"PEUAM: Muestra virtual \u201cTrabajo en progreso\u201d"},"content":{"rendered":"<div align=\"justify\">\n<em>El taller de fotograf\u00eda perteneciente al programa del Instituto de Extensi\u00f3n, expondr\u00e1 los trabajos que realizaron sus integrantes durante la primera etapa del a\u00f1o. Estar\u00e1 disponible a partir del lunes 24 de agosto, a trav\u00e9s de extension.unvm.edu.ar.<\/em><\/p>\n<p>El taller de fotograf\u00eda del Programa de Extensi\u00f3n Universitaria para Adultos Mayores (PEUAM), a cargo del profesor Marcos Ferrari, presentar\u00e1 su muestra fotogr\u00e1fica de manera virtual, titulada \u201cTrabajo en progreso\u201d. La misma, estar\u00e1 disponible a partir del lunes 24 de agosto, en la p\u00e1gina web del Instituto de Extensi\u00f3n: extension.unvm.edu.ar.<\/p>\n<p>Las fotograf\u00edas que se exhibir\u00e1n en la muestra, fueron seleccionadas por las participantes del proyecto \u201cEl PEUAM en casa\u201d y da cuenta del desarrollo fotogr\u00e1fico en tem\u00e1ticas libres, realizado durante el aislamiento social, preventivo y obligatorio. \u201cTrata sobre los trabajos realizados durante el taller hasta este momento del a\u00f1o, por eso lleva el nombre Trabajo en progreso, porque consideramos que todav\u00eda no est\u00e1 terminado\u201d, afirm\u00f3 el profesor Ferrari.<\/p>\n<p>Asimismo, el profesor coment\u00f3 que en el taller se desarrollan conceptos t\u00e9cnicos y creativos. Participan 9 alumnas que asisten a las clases virtuales que publica en el grupo de Facebook \u201cEl PEUAM en casa\u201d y realizan todos los trabajos pr\u00e1cticos.<\/p>\n<p>Por su parte, ya tienen planificadas las actividades para esta segunda mitad del a\u00f1o. \u201cVamos a ahondar m\u00e1s en cuestiones t\u00e9cnicas y sobre todo en la cuesti\u00f3n de la mirada fotogr\u00e1fica, apuntando a que, a fin de a\u00f1o, realicemos otra muestra, pero con un concepto claro, logrando contar una historia en im\u00e1genes\u201d, aclar\u00f3 el profesor.<\/p>\n<p>Por \u00faltimo, haciendo hincapi\u00e9 en la ense\u00f1anza de la fotograf\u00eda a trav\u00e9s de la virtualidad, Ferrari mencion\u00f3 que si bien, es preferible estar en la presencialidad para resolver las dudas de los\/as alumnos\/as, \u201cse sobrelleva, se pueden desarrollar bastante bien distintos conceptos te\u00f3ricos, an\u00e1lisis de la fotograf\u00eda, aprender a analizar y ver fotos\u201d. Y agreg\u00f3: \u201cTengo una gran repuesta de mis alumnas del taller\u201d.\n<\/p><\/div>\n","protected":false},"excerpt":{"rendered":"<p>El taller de fotograf\u00eda perteneciente al programa del Instituto de Extensi\u00f3n, expondr\u00e1 los trabajos que realizaron sus integrantes durante la primera etapa del a\u00f1o. Estar\u00e1 disponible a partir del lunes 24 de agosto, a trav\u00e9s de extension.unvm.edu.ar. El taller de fotograf\u00eda del Programa de Extensi\u00f3n Universitaria para Adultos Mayores (PEUAM), a cargo del profesor Marcos [&hellip;]<\/p>\n","protected":false},"author":12,"featured_media":12970,"comment_status":"closed","ping_status":"closed","sticky":false,"template":"","format":"standard","meta":{"_exactmetrics_skip_tracking":false,"_exactmetrics_sitenote_active":false,"_exactmetrics_sitenote_note":"","_exactmetrics_sitenote_category":0,"footnotes":""},"categories":[2],"tags":[],"class_list":["post-12968","post","type-post","status-publish","format-standard","has-post-thumbnail","hentry","category-novedades"],"_links":{"self":[{"href":"https:\/\/extension.unvm.edu.ar\/index.php?rest_route=\/wp\/v2\/posts\/12968"}],"collection":[{"href":"https:\/\/extension.unvm.edu.ar\/index.php?rest_route=\/wp\/v2\/posts"}],"about":[{"href":"https:\/\/extension.unvm.edu.ar\/index.php?rest_route=\/wp\/v2\/types\/post"}],"author":[{"embeddable":true,"href":"https:\/\/extension.unvm.edu.ar\/index.php?rest_route=\/wp\/v2\/users\/12"}],"replies":[{"embeddable":true,"href":"https:\/\/extension.unvm.edu.ar\/index.php?rest_route=%2Fwp%2Fv2%2Fcomments&post=12968"}],"version-history":[{"count":9,"href":"https:\/\/extension.unvm.edu.ar\/index.php?rest_route=\/wp\/v2\/posts\/12968\/revisions"}],"predecessor-version":[{"id":13003,"href":"https:\/\/extension.unvm.edu.ar\/index.php?rest_route=\/wp\/v2\/posts\/12968\/revisions\/13003"}],"wp:featuredmedia":[{"embeddable":true,"href":"https:\/\/extension.unvm.edu.ar\/index.php?rest_route=\/wp\/v2\/media\/12970"}],"wp:attachment":[{"href":"https:\/\/extension.unvm.edu.ar\/index.php?rest_route=%2Fwp%2Fv2%2Fmedia&parent=12968"}],"wp:term":[{"taxonomy":"category","embeddable":true,"href":"https:\/\/extension.unvm.edu.ar\/index.php?rest_route=%2Fwp%2Fv2%2Fcategories&post=12968"},{"taxonomy":"post_tag","embeddable":true,"href":"https:\/\/extension.unvm.edu.ar\/index.php?rest_route=%2Fwp%2Fv2%2Ftags&post=12968"}],"curies":[{"name":"wp","href":"https:\/\/api.w.org\/{rel}","templated":true}]}}