{"id":12898,"date":"2020-08-19T20:09:16","date_gmt":"2020-08-19T20:09:16","guid":{"rendered":"http:\/\/extension.unvm.edu.ar\/?p=12898"},"modified":"2020-08-19T20:09:25","modified_gmt":"2020-08-19T20:09:25","slug":"se-llevara-a-cabo-un-censo-de-graduados-as-en-la-unvm","status":"publish","type":"post","link":"https:\/\/extension.unvm.edu.ar\/?p=12898","title":{"rendered":"Se llevar\u00e1 a cabo un Censo de Graduados\/as en la UNVM"},"content":{"rendered":"<div align=\"justify\">\n<p><em>El equipo del Observatorio Integral de la Regi\u00f3n (OIR), present\u00f3 la propuesta final y los preparativos para la puesta en marcha. La realizaci\u00f3n ser\u00e1 entre septiembre y octubre.<\/em><\/p>\n<p>El equipo del Observatorio Integral de la Regi\u00f3n (OIR), perteneciente al Instituto de Extensi\u00f3n de la Universidad Nacional Villa Mar\u00eda (UNVM), present\u00f3 la propuesta final para llevar adelante el Censo de Graduados\/as, en los meses de septiembre y octubre.<\/p>\n<p>La realizaci\u00f3n del Censo, tiene como objetivo general recolectar datos que permitan actualizar la informaci\u00f3n personal, acad\u00e9mica y profesional de los\/as egresados\/as de la UNVM, como as\u00ed tambi\u00e9n, explorar las caracter\u00edsticas del v\u00ednculo entre los mismos y las distintas dependencias de la Universidad.<\/p>\n<p>Asimismo, servir\u00e1 para diagnosticar y mejorar aspectos acad\u00e9micos vinculados a la experiencia educativa en la casa de altos estudios, conocer las caracter\u00edsticas sociales y econ\u00f3micas de los\/as profesionales universitarios\/as, su trayectoria acad\u00e9mica, y su desempe\u00f1o profesional y laboral.<\/p>\n<p>Por este motivo, el OIR trabaja de manera coordinada con el Centro de Graduados\/as, autoridades de la UNVM, autoridades de los Institutos Acad\u00e9micos Pedag\u00f3gicos, Secretar\u00eda Acad\u00e9mica y Secretar\u00eda de Posgrado, para detectar las demandas y necesidades que puedan ser canalizadas a trav\u00e9s del mismo.<\/p>\n<p>Al respecto, el Coordinador de Gabinete, Ing. Agr. Germ\u00e1n Cassetta, afirm\u00f3 que, con la realizaci\u00f3n del Censo, se podr\u00e1n \u201cdesarrollar abordajes de intervenci\u00f3n, l\u00edneas de trabajo, estrategias junto a municipios, a las distintas cadenas productivas, a las propuestas culturales, de salud, socio comunitarias en la amplia regi\u00f3n, donde actualmente est\u00e1n ejerciendo nuestros\/as graduados\/as\u201d.<\/p>\n<p>Tambi\u00e9n, la directora del Instituto de Extensi\u00f3n, lic. Gabriela Redondo manifest\u00f3 que este registro, permitir\u00e1 \u201cconocer y reconocer el universo de graduados\/as de nuestra instituci\u00f3n\u201d, adem\u00e1s de \u201cdise\u00f1ar pol\u00edticas p\u00fablicas para el desarrollo y crecimiento, como tambi\u00e9n ampliar el escenario de articulaci\u00f3n con otras instituciones\u201d.<\/p>\n<p>\u201cEste Censo, se viene pensando desde el inicio de la gesti\u00f3n de la actual comisi\u00f3n del Centro de Graduados\/as de la UNVM, consideramos que es sumamente importante sumar esta informaci\u00f3n para poder pensar y ejecutar, junto con las distintas \u00e1reas de la Universidad, pol\u00edticas pertinentes para el claustro\u201d, expres\u00f3 el presidente del Centro de Graduados\/as, Marcos Formia.<\/p>\n<p>A su vez, manifest\u00f3 Formia que, el\/la egresado\/a tiene un \u201crol fundamental en la sociedad, por esto se pretende conocer el desenvolvimiento y el impacto de las distintas profesiones a nivel local, nacional e internacional\u201d.<\/p>\n<p><strong>Etapas de trabajo y presentaci\u00f3n final<\/strong><\/p>\n<p>Se estima que, entre los preparativos y la realizaci\u00f3n del Censo, insumir\u00e1 un tiempo aproximado de 6 meses. En este momento, est\u00e1n transitando la tercera etapa, que consiste en organizar los preparativos para su puesta en marcha y presentaci\u00f3n de la propuesta final.<\/p>\n<p>En este sentido, el integrante del OIR, lic. Iv\u00e1n Ant\u00f3n asegur\u00f3 que, en los meses de septiembre y octubre, sigue el \u201cel trabajo de campo, el censo en s\u00ed\u201d. Adem\u00e1s, explic\u00f3: \u201cLa modalidad va a ser exclusivamente virtual, los\/as egresados\/as van a recibir el formulario online por mail\u201d. Y, la \u00faltima etapa ser\u00e1 en noviembre y diciembre, donde se llevar\u00e1 adelante el procesamiento de datos y elaboraci\u00f3n del informe.<\/p>\n<p>Por \u00faltimo, es importante mencionar que esta propuesta, constituye un requisito previo para un futuro programa de seguimiento de graduados\/as que muchas universidades nacionales realizan a trav\u00e9s del SIU-Kolla con encuestas predefinidas. \u201cUn aspecto interesante va a ser medir el impacto territorial de los\/as egresados\/as, tanto de su origen como estudiantes, como as\u00ed tambi\u00e9n su destino como profesionales\u201d, afirm\u00f3 Ant\u00f3n.<\/p>\n<\/div>\n","protected":false},"excerpt":{"rendered":"<p>El equipo del Observatorio Integral de la Regi\u00f3n (OIR), present\u00f3 la propuesta final y los preparativos para la puesta en marcha. La realizaci\u00f3n ser\u00e1 entre septiembre y octubre. El equipo del Observatorio Integral de la Regi\u00f3n (OIR), perteneciente al Instituto de Extensi\u00f3n de la Universidad Nacional Villa Mar\u00eda (UNVM), present\u00f3 la propuesta final para llevar [&hellip;]<\/p>\n","protected":false},"author":12,"featured_media":12904,"comment_status":"closed","ping_status":"closed","sticky":false,"template":"","format":"standard","meta":{"_exactmetrics_skip_tracking":false,"_exactmetrics_sitenote_active":false,"_exactmetrics_sitenote_note":"","_exactmetrics_sitenote_category":0,"footnotes":""},"categories":[2],"tags":[],"class_list":["post-12898","post","type-post","status-publish","format-standard","has-post-thumbnail","hentry","category-novedades"],"_links":{"self":[{"href":"https:\/\/extension.unvm.edu.ar\/index.php?rest_route=\/wp\/v2\/posts\/12898"}],"collection":[{"href":"https:\/\/extension.unvm.edu.ar\/index.php?rest_route=\/wp\/v2\/posts"}],"about":[{"href":"https:\/\/extension.unvm.edu.ar\/index.php?rest_route=\/wp\/v2\/types\/post"}],"author":[{"embeddable":true,"href":"https:\/\/extension.unvm.edu.ar\/index.php?rest_route=\/wp\/v2\/users\/12"}],"replies":[{"embeddable":true,"href":"https:\/\/extension.unvm.edu.ar\/index.php?rest_route=%2Fwp%2Fv2%2Fcomments&post=12898"}],"version-history":[{"count":6,"href":"https:\/\/extension.unvm.edu.ar\/index.php?rest_route=\/wp\/v2\/posts\/12898\/revisions"}],"predecessor-version":[{"id":12984,"href":"https:\/\/extension.unvm.edu.ar\/index.php?rest_route=\/wp\/v2\/posts\/12898\/revisions\/12984"}],"wp:featuredmedia":[{"embeddable":true,"href":"https:\/\/extension.unvm.edu.ar\/index.php?rest_route=\/wp\/v2\/media\/12904"}],"wp:attachment":[{"href":"https:\/\/extension.unvm.edu.ar\/index.php?rest_route=%2Fwp%2Fv2%2Fmedia&parent=12898"}],"wp:term":[{"taxonomy":"category","embeddable":true,"href":"https:\/\/extension.unvm.edu.ar\/index.php?rest_route=%2Fwp%2Fv2%2Fcategories&post=12898"},{"taxonomy":"post_tag","embeddable":true,"href":"https:\/\/extension.unvm.edu.ar\/index.php?rest_route=%2Fwp%2Fv2%2Ftags&post=12898"}],"curies":[{"name":"wp","href":"https:\/\/api.w.org\/{rel}","templated":true}]}}