{"id":12824,"date":"2020-08-13T18:13:36","date_gmt":"2020-08-13T18:13:36","guid":{"rendered":"http:\/\/extension.unvm.edu.ar\/?p=12824"},"modified":"2020-08-13T18:13:36","modified_gmt":"2020-08-13T18:13:36","slug":"territorios-creativos-estrena-nueva-pagina-web","status":"publish","type":"post","link":"https:\/\/extension.unvm.edu.ar\/?p=12824","title":{"rendered":"Territorios Creativos estrena nueva p\u00e1gina web"},"content":{"rendered":"<div align=\"justify\">\n<em>El proyecto villamariense realizar\u00e1 el lanzamiento, el jueves a las 18:30hs., en el marco del Ciclo de Capacitaciones virtuales, libres y gratuitas. Es un sitio pensado para generar mayor interacci\u00f3n y comunicaci\u00f3n con la comunidad.<\/em><\/p>\n<p>Con el fin de facilitar su visibilidad, comunicaci\u00f3n e interacci\u00f3n con la comunidad de Villa Mar\u00eda y la regi\u00f3n, el proyecto Territorios Creativos realizar\u00e1 el lanzamiento de su p\u00e1gina web, el jueves a las 18:30 hs., en el marco del Ciclo de Capacitaciones virtuales, libres y gratuitas.<\/p>\n<p>Se trata de un sitio en el que se encontrar\u00e1n las \u00faltimas novedades que involucran al proyecto, una agenda en la que se detallan los talleres que se llevar\u00e1n a cabo y las convocatorias.<\/p>\n<p>Asimismo, se propone un cat\u00e1logo creativo, para generar una base de datos con los\/las protagonistas de las diversas industrias culturales y creativas de Villa Mar\u00eda y la regi\u00f3n, reconociendo en este sector la importancia para generar desarrollo laboral y econ\u00f3mico. All\u00ed los\/as hacedores\/as culturales podr\u00e1n registrarse y ofrecer sus servicios, productos y creaciones.<\/p>\n<p>Adem\u00e1s, incluye locaciones, un espacio que conecta directamente con EnRed Film, que cuenta con m\u00e1s de 400 locaciones distribuidas en la regi\u00f3n de la provincia de C\u00f3rdoba. Busca fomentar la producci\u00f3n audiovisual y promocionar la zona geogr\u00e1fica de influencia como escenario posible para set de filmaci\u00f3n, atrayendo producciones nacionales e internacionales.<\/p>\n<p>Cabe mencionar que Territorios Creativos es un punto de encuentro entre artistas, emprendedores\/as, gestores\/as de instituciones p\u00fablicas y privadas, donde se tejen alianzas para el desarrollo de industrias culturales y creativas con impacto regional.<\/p>\n<p>Est\u00e1 integrado por la Universidad Nacional Villa Mar\u00eda (UNVM), a trav\u00e9s de los Institutos de Extensi\u00f3n e Investigaci\u00f3n, la Municipalidad de Villa Mar\u00eda (MVM), a trav\u00e9s de la Secretar\u00eda de Educaci\u00f3n, Cultura y Promoci\u00f3n de la Ciencia, el Ente Regional de Desarrollo (ENRED), la Asociaci\u00f3n de Empresarios Regi\u00f3n Centro Argentino (AERCA) y la Mesa de Industrias Creativas y Culturales de Villa Mar\u00eda (MICC).<\/p>\n<p>Para ingresar a la P\u00e1gina Web: <a href=\"http:\/\/www.territorioscreativos.org\/\">http:\/\/www.territorioscreativos.org\/<\/a>\n<\/div>\n","protected":false},"excerpt":{"rendered":"<p>El proyecto villamariense realizar\u00e1 el lanzamiento, el jueves a las 18:30hs., en el marco del Ciclo de Capacitaciones virtuales, libres y gratuitas. Es un sitio pensado para generar mayor interacci\u00f3n y comunicaci\u00f3n con la comunidad. Con el fin de facilitar su visibilidad, comunicaci\u00f3n e interacci\u00f3n con la comunidad de Villa Mar\u00eda y la regi\u00f3n, el [&hellip;]<\/p>\n","protected":false},"author":12,"featured_media":12825,"comment_status":"closed","ping_status":"closed","sticky":false,"template":"","format":"standard","meta":{"_exactmetrics_skip_tracking":false,"_exactmetrics_sitenote_active":false,"_exactmetrics_sitenote_note":"","_exactmetrics_sitenote_category":0,"footnotes":""},"categories":[2],"tags":[],"class_list":["post-12824","post","type-post","status-publish","format-standard","has-post-thumbnail","hentry","category-novedades"],"_links":{"self":[{"href":"https:\/\/extension.unvm.edu.ar\/index.php?rest_route=\/wp\/v2\/posts\/12824"}],"collection":[{"href":"https:\/\/extension.unvm.edu.ar\/index.php?rest_route=\/wp\/v2\/posts"}],"about":[{"href":"https:\/\/extension.unvm.edu.ar\/index.php?rest_route=\/wp\/v2\/types\/post"}],"author":[{"embeddable":true,"href":"https:\/\/extension.unvm.edu.ar\/index.php?rest_route=\/wp\/v2\/users\/12"}],"replies":[{"embeddable":true,"href":"https:\/\/extension.unvm.edu.ar\/index.php?rest_route=%2Fwp%2Fv2%2Fcomments&post=12824"}],"version-history":[{"count":4,"href":"https:\/\/extension.unvm.edu.ar\/index.php?rest_route=\/wp\/v2\/posts\/12824\/revisions"}],"predecessor-version":[{"id":12902,"href":"https:\/\/extension.unvm.edu.ar\/index.php?rest_route=\/wp\/v2\/posts\/12824\/revisions\/12902"}],"wp:featuredmedia":[{"embeddable":true,"href":"https:\/\/extension.unvm.edu.ar\/index.php?rest_route=\/wp\/v2\/media\/12825"}],"wp:attachment":[{"href":"https:\/\/extension.unvm.edu.ar\/index.php?rest_route=%2Fwp%2Fv2%2Fmedia&parent=12824"}],"wp:term":[{"taxonomy":"category","embeddable":true,"href":"https:\/\/extension.unvm.edu.ar\/index.php?rest_route=%2Fwp%2Fv2%2Fcategories&post=12824"},{"taxonomy":"post_tag","embeddable":true,"href":"https:\/\/extension.unvm.edu.ar\/index.php?rest_route=%2Fwp%2Fv2%2Ftags&post=12824"}],"curies":[{"name":"wp","href":"https:\/\/api.w.org\/{rel}","templated":true}]}}