{"id":12809,"date":"2020-08-12T21:00:42","date_gmt":"2020-08-12T21:00:42","guid":{"rendered":"http:\/\/extension.unvm.edu.ar\/?p=12809"},"modified":"2022-05-17T17:37:32","modified_gmt":"2022-05-17T17:37:32","slug":"construyendo-salud-visual-en-redes-comunitarias","status":"publish","type":"post","link":"https:\/\/extension.unvm.edu.ar\/?p=12809","title":{"rendered":"Construyendo Salud Visual en Redes Comunitarias"},"content":{"rendered":"<div align=\"justify\">\n<p><em>As\u00ed se titula el Proyecto de Extensi\u00f3n de la UNVM, que finalizar\u00e1 en agosto y tiene como principal objetivo promover el acceso a los servicios de salud visual de las comunidades de Uni\u00f3n Campesina de Traslasierra (UCATRAS).<\/em><\/p>\n<p>\u00abConstruyendo Salud Visual en Redes Comunitarias\u00bb es un Proyecto de Extensi\u00f3n del Instituto de Extensi\u00f3n, perteneciente a la Universidad Nacional Villa Mar\u00eda (UNVM), que tiene como objetivo principal, promover el acceso a los servicios de salud visual en las comunidades de Uni\u00f3n Campesina de Traslasierra (UCATRAS). Finaliza en el mes de agosto.<\/p>\n<p>En una entrevista con sus integrantes, comentaron que el proyecto surgi\u00f3 \u00abcomo una herramienta para contribuir a que se garantice un derecho humano como lo es el de la vista en su integridad\u00bb. En principio, afirmaron que la meta es \u201creconocer para aportar a la accesibilidad de la salud visual, en nuestros territorios, de manera de dar a conocer que otras formas de salud son posibles\u201d.<\/p>\n<p>Por tal motivo, el equipo de trabajo se propuso a generar promoci\u00f3n, prevenci\u00f3n y consulta \u00f3ptico-oftalmol\u00f3gica, para aportar a la resoluci\u00f3n de esta problem\u00e1tica en las comunidades seleccionadas para llevar adelante el proyecto.<\/p>\n<p><strong>Relevaci\u00f3n y puesta en marcha<\/strong><\/p>\n<p>En primer lugar, se cre\u00f3 una brigada m\u00e9dica-cultural con el nombre de Dr. Ernesto CHE Guevara, donde \u201cse dio acceso a la consulta m\u00e9dica de distintas especialidades, en profundidad la consulta\/pesquisa \u00f3ptico-oftalmol\u00f3gica, para relevar la situaci\u00f3n de salud visual de la poblaci\u00f3n\u201d.<\/p>\n<p>Cabe mencionar que, el total de personas pesquisadas en materia de salud visual fueron 247. De eso, se determin\u00f3 que habr\u00eda que realizar 86 dispositivos \u00f3pticos (anteojos) por parte del equipo \u00f3ptico y 35 cirug\u00edas de cataratas o pterigi\u00f3n por parte de Operaci\u00f3n Milagro de forma gratuita.<\/p>\n<p>\u201cEsto para el equipo \u00f3ptico significo un proceso de sistematizaci\u00f3n de las historias cl\u00ednicas, de cada persona revisada para que as\u00ed cada gafa fuera totalmente personalizada en refracci\u00f3n y distancias pupilares, comentaron. Y agregaron: \u201cPlasmando esto en datos sobre cada lente, armaz\u00f3n y en el posterior calibrado de los 86 anteojos con \u00e9xito\u201d.<\/p>\n<p>Por su parte, el equipo de Operaci\u00f3n Milagro coordin\u00f3 para que los miembros de la comunidad pudieran llegar hasta la ciudad de C\u00f3rdoba, al Centro Oftalmol\u00f3gico Dr. Ernesto CHE Guevara, para realizarse las cirug\u00edas con \u00e9xito tambi\u00e9n.<\/p>\n<p>Los integrantes del proyecto, afirmaron que los anteojos est\u00e1n siendo entregados de forma remota en cada comunidad por parte del MCC, debido al Decreto 297\/2020 Aislamiento Preventivo y Obligatorio y quedaron a la espera de hacer una devoluci\u00f3n en el territorio.<\/p>\n<p>Es importante mencionar que esta propuesta es una articulaci\u00f3n entre la UNVM, a trav\u00e9s del Instituto de Extensi\u00f3n, el I.A.P. de Ciencias B\u00e1sicas y Aplicadas, con docentes y estudiantes de las carreras de Lic. en \u00d3ptica Oft\u00e1lmica, Ciencias Pol\u00edticas y Sociolog\u00eda. El Movimiento Campesino de C\u00f3rdoba (MCC), con un trabajo territorial sobre producci\u00f3n y salud en el Valle de Traslasierras. Y, adem\u00e1s, la Fundaci\u00f3n Un mundo Mejor es Posible (UMMEP), que est\u00e1 especializado hace m\u00e1s de 10 a\u00f1os desde el programa Operaci\u00f3n Milagro Argentina, garantizando la atenci\u00f3n oftalmol\u00f3gica con cirug\u00edas gratuitas de catarata y pterigi\u00f3n.<\/p>\n<p>El equipo de trabajo est\u00e1 integrado por su directora, Alicia Oliva y la Co-Directora, Virginia S\u00e1nchez, ambas docentes de la UNVM. Como participantes, el docente Aldo Rangone, el responsable por el MCC, Ernesto Guevara, los\/as estudiantes del I.A.P. Cs. B\u00e1sicas y Aplicadas, Gonzalo Ayuso, Mara Barrera, Sofia Canepa y Facundo Bornard, la soci\u00f3loga UMMEP, Mariela Pinza, el comunicador UMMEP, Javier Motta Guzm\u00e1n y las estudiantes del I.A.P. Cs. Sociales de la UNVM, Romina Bleger, Juliana Rodriguez, Camila Liberal, Noelia Merca\u00fa y Maria Sol Lopez.<\/p>\n<\/div>\n<div align=\"justify\">\n<p>Los representantes del proyecto extensionista recalcaron que \u201cal trabajar entre las tres instituciones, desde un piso de consenso como lo es la salud como derecho humano, permiti\u00f3 llevar adelante todas las actividades con mucha coordinaci\u00f3n y voluntad\u201d.<\/p>\n<p>Por \u00faltimo, a modo de reflexi\u00f3n, afirmaron que consideran de \u201cvital importancia profundizar los objetivos del proyecto, no s\u00f3lo por el valor que representa garantizar el derecho a la salud visual para comunidades campesinas y trabajadoras del interior cordob\u00e9s, sino tambi\u00e9n por la riqueza que dicha experiencia de intervenci\u00f3n e intercambio implic\u00f3\u201d.<\/p>\n<p>Al respecto, agregaron: \u201cEsta vivencia enaltece el sentido pol\u00edtico de las pr\u00e1cticas extensionistas universitarias que nos permitieron, un intercambio de saberes populares y ancestrales, con los conocimientos acad\u00e9micos y la transformaci\u00f3n de los espacios vividos por cada una de las comunidades y de las instituciones intervinientes\u201d.<\/p>\n<p><strong>Estrategias a futuro<\/strong><\/p>\n<p>Dentro de las estrategias a futuro que se plante\u00f3 en el proyecto, se resalt\u00f3 el compromiso y la participaci\u00f3n del MCC, cuya organizaci\u00f3n cuenta con presencia territorial lo que permite la capacidad de movilizar a las comunidades de UCATRAS en pos de las necesidades que surjan al interior de las mismas. Esto quiere decir que el desarrollo del proyecto y el trabajo que realice la Brigada quedar\u00e1 activo frente a posibles problem\u00e1ticas.<\/p>\n<p>Por su parte, desde la Fundaci\u00f3n UMMEP y del programa \u201cOperaci\u00f3n Milagro\u201d, se est\u00e1n realizando diversas gestiones para habilitar un taller de \u00f3ptica que permita dar soluci\u00f3n a quienes necesitan de anteojos y no tienen los recursos para afrontar el gasto que conllevan.<\/p>\n<p>Y, por \u00faltimo, en lo que respecta a la relaci\u00f3n entre la UNVM y los\/as graduados\/as de la carrera de la Lic. en \u00d3ptica y Oftalmolog\u00eda, se espera seguir trabajando en la educaci\u00f3n de profesionales comprometidos que se problematicen con su cotidianeidad y sean sensibles a las necesidades de la poblaci\u00f3n m\u00e1s vulnerable para poder formar profesionales de ciencia y conciencia.<\/p>\n<\/div>\n","protected":false},"excerpt":{"rendered":"<p>As\u00ed se titula el Proyecto de Extensi\u00f3n de la UNVM, que finalizar\u00e1 en agosto y tiene como principal objetivo promover el acceso a los servicios de salud visual de las comunidades de Uni\u00f3n Campesina de Traslasierra (UCATRAS). \u00abConstruyendo Salud Visual en Redes Comunitarias\u00bb es un Proyecto de Extensi\u00f3n del Instituto de Extensi\u00f3n, perteneciente a la [&hellip;]<\/p>\n","protected":false},"author":12,"featured_media":12814,"comment_status":"closed","ping_status":"closed","sticky":false,"template":"","format":"standard","meta":{"_exactmetrics_skip_tracking":false,"_exactmetrics_sitenote_active":false,"_exactmetrics_sitenote_note":"","_exactmetrics_sitenote_category":0,"footnotes":""},"categories":[2,35],"tags":[],"class_list":["post-12809","post","type-post","status-publish","format-standard","has-post-thumbnail","hentry","category-novedades","category-proyectos"],"_links":{"self":[{"href":"https:\/\/extension.unvm.edu.ar\/index.php?rest_route=\/wp\/v2\/posts\/12809"}],"collection":[{"href":"https:\/\/extension.unvm.edu.ar\/index.php?rest_route=\/wp\/v2\/posts"}],"about":[{"href":"https:\/\/extension.unvm.edu.ar\/index.php?rest_route=\/wp\/v2\/types\/post"}],"author":[{"embeddable":true,"href":"https:\/\/extension.unvm.edu.ar\/index.php?rest_route=\/wp\/v2\/users\/12"}],"replies":[{"embeddable":true,"href":"https:\/\/extension.unvm.edu.ar\/index.php?rest_route=%2Fwp%2Fv2%2Fcomments&post=12809"}],"version-history":[{"count":8,"href":"https:\/\/extension.unvm.edu.ar\/index.php?rest_route=\/wp\/v2\/posts\/12809\/revisions"}],"predecessor-version":[{"id":20494,"href":"https:\/\/extension.unvm.edu.ar\/index.php?rest_route=\/wp\/v2\/posts\/12809\/revisions\/20494"}],"wp:featuredmedia":[{"embeddable":true,"href":"https:\/\/extension.unvm.edu.ar\/index.php?rest_route=\/wp\/v2\/media\/12814"}],"wp:attachment":[{"href":"https:\/\/extension.unvm.edu.ar\/index.php?rest_route=%2Fwp%2Fv2%2Fmedia&parent=12809"}],"wp:term":[{"taxonomy":"category","embeddable":true,"href":"https:\/\/extension.unvm.edu.ar\/index.php?rest_route=%2Fwp%2Fv2%2Fcategories&post=12809"},{"taxonomy":"post_tag","embeddable":true,"href":"https:\/\/extension.unvm.edu.ar\/index.php?rest_route=%2Fwp%2Fv2%2Ftags&post=12809"}],"curies":[{"name":"wp","href":"https:\/\/api.w.org\/{rel}","templated":true}]}}