{"id":12576,"date":"2020-08-07T19:24:35","date_gmt":"2020-08-07T19:24:35","guid":{"rendered":"http:\/\/extension.unvm.edu.ar\/?p=12576"},"modified":"2020-08-07T19:24:35","modified_gmt":"2020-08-07T19:24:35","slug":"reunion-con-autoridades-del-municipio-de-ordonez","status":"publish","type":"post","link":"https:\/\/extension.unvm.edu.ar\/?p=12576","title":{"rendered":"Reuni\u00f3n con autoridades del Municipio de Ordo\u00f1ez"},"content":{"rendered":"<p><em>Fue un primer encuentro para presentar los programas que se llevan a cabo en Extensi\u00f3n y en la UNVM. Adem\u00e1s, se solicit\u00f3 un Protocolo de trabajo para trabajar en conjunto diversos proyectos y actividades.<\/em><\/p>\n<p>En la jornada del mi\u00e9rcoles, se llev\u00f3 a cabo una reuni\u00f3n virtual, en la que estuvieron presentes, el intendente de la ciudad de Ordo\u00f1ez, Pablo Guevara, el Legislador Provincial por el Departamento Uni\u00f3n, Dardo Alberto Iturria, la directora del Instituto, lic. Gabriela Redondo y el director del \u00c1rea de Transferencia Cient\u00edfica-Tecnol\u00f3gica, cr. Dar\u00edo Poncio.<\/p>\n<p>Fue un primer encuentro, para presentar los programas que llevan a cabo en el Instituto de Extensi\u00f3n y la UNVM, logrando as\u00ed, en un futuro, firmar un Convenio Marco para trabajar de manera colaborativa proyectos de \u00edndole educativo, acad\u00e9mico, cient\u00edfico, tecnol\u00f3gico, social y cultural.<\/p>\n<p>Asimismo, se solicit\u00f3 un Protocolo de trabajo con el Instituto para trabajar en conjunto, proyectos de capacitaci\u00f3n, asistencia t\u00e9cnica, actividades culturales y sociales, entre otras.<\/p>\n","protected":false},"excerpt":{"rendered":"<p>Fue un primer encuentro para presentar los programas que se llevan a cabo en Extensi\u00f3n y en la UNVM. Adem\u00e1s, se solicit\u00f3 un Protocolo de trabajo para trabajar en conjunto diversos proyectos y actividades. En la jornada del mi\u00e9rcoles, se llev\u00f3 a cabo una reuni\u00f3n virtual, en la que estuvieron presentes, el intendente de la [&hellip;]<\/p>\n","protected":false},"author":12,"featured_media":12577,"comment_status":"closed","ping_status":"closed","sticky":false,"template":"","format":"standard","meta":{"_exactmetrics_skip_tracking":false,"_exactmetrics_sitenote_active":false,"_exactmetrics_sitenote_note":"","_exactmetrics_sitenote_category":0,"footnotes":""},"categories":[2],"tags":[],"class_list":["post-12576","post","type-post","status-publish","format-standard","has-post-thumbnail","hentry","category-novedades"],"_links":{"self":[{"href":"https:\/\/extension.unvm.edu.ar\/index.php?rest_route=\/wp\/v2\/posts\/12576"}],"collection":[{"href":"https:\/\/extension.unvm.edu.ar\/index.php?rest_route=\/wp\/v2\/posts"}],"about":[{"href":"https:\/\/extension.unvm.edu.ar\/index.php?rest_route=\/wp\/v2\/types\/post"}],"author":[{"embeddable":true,"href":"https:\/\/extension.unvm.edu.ar\/index.php?rest_route=\/wp\/v2\/users\/12"}],"replies":[{"embeddable":true,"href":"https:\/\/extension.unvm.edu.ar\/index.php?rest_route=%2Fwp%2Fv2%2Fcomments&post=12576"}],"version-history":[{"count":2,"href":"https:\/\/extension.unvm.edu.ar\/index.php?rest_route=\/wp\/v2\/posts\/12576\/revisions"}],"predecessor-version":[{"id":12580,"href":"https:\/\/extension.unvm.edu.ar\/index.php?rest_route=\/wp\/v2\/posts\/12576\/revisions\/12580"}],"wp:featuredmedia":[{"embeddable":true,"href":"https:\/\/extension.unvm.edu.ar\/index.php?rest_route=\/wp\/v2\/media\/12577"}],"wp:attachment":[{"href":"https:\/\/extension.unvm.edu.ar\/index.php?rest_route=%2Fwp%2Fv2%2Fmedia&parent=12576"}],"wp:term":[{"taxonomy":"category","embeddable":true,"href":"https:\/\/extension.unvm.edu.ar\/index.php?rest_route=%2Fwp%2Fv2%2Fcategories&post=12576"},{"taxonomy":"post_tag","embeddable":true,"href":"https:\/\/extension.unvm.edu.ar\/index.php?rest_route=%2Fwp%2Fv2%2Ftags&post=12576"}],"curies":[{"name":"wp","href":"https:\/\/api.w.org\/{rel}","templated":true}]}}