{"id":12569,"date":"2020-08-07T19:17:03","date_gmt":"2020-08-07T19:17:03","guid":{"rendered":"http:\/\/extension.unvm.edu.ar\/?p=12569"},"modified":"2020-08-07T22:40:28","modified_gmt":"2020-08-07T22:40:28","slug":"pre-inscripciones-abiertas-para-nuevas-capacitaciones-en-extension","status":"publish","type":"post","link":"https:\/\/extension.unvm.edu.ar\/?p=12569","title":{"rendered":"Pre inscripciones abiertas para nuevas capacitaciones en Extensi\u00f3n"},"content":{"rendered":"<div align=\"justify\">\n<em>Comenzar\u00e1n dos nuevas propuestas virtuales, destinadas al abordaje de las Redes Sociales. En primer lugar, un taller pr\u00e1ctico de Dise\u00f1o Gr\u00e1fico y la segunda edici\u00f3n del curso de Marketing Digital.<\/em><\/p>\n<p>En el Instituto de Extensi\u00f3n de la Universidad Nacional Villa Mar\u00eda (UNVM), ya est\u00e1n abiertas las pre inscripciones para las nuevas capacitaciones que se brindar\u00e1n, de manera virtual. El taller pr\u00e1ctico de Dise\u00f1o Gr\u00e1fico y la segunda edici\u00f3n del curso de Marketing Digital.<\/p>\n<p>En principio, el pr\u00f3ximo mi\u00e9rcoles 9 de agosto, se llevar\u00e1 a cabo el Taller Pr\u00e1ctico pensado para Redes Sociales de Dise\u00f1o Gr\u00e1fico, de manera virtual. Ser\u00e1n 10 clases, dictadas por el dise\u00f1ador Henry Garro.<\/p>\n<p>Los temas que se abordar\u00e1n son herramientas para obtener composiciones atractivas, impactantes y arm\u00f3nicas, con el objetivo de comunicar directa y positivamente. Asimismo, se trabajar\u00e1 sobre el manejo y pr\u00e1ctica en Adobe Ilustrator.<\/p>\n<p>Por su parte, el curso de Marketing Digital, ser\u00e1 el 25 de agosto, de 19 a 21 hs., dictado por la lic. Evangelina Ca\u00f1as (12 clases de duraci\u00f3n), a trav\u00e9s de la Plataforma Zoom.<\/p>\n<p>En el mismo, se trabajar\u00e1 con diversos temas como la importancia de la presencia digital, Redes Sociales, Google Mi Negocio, SEO vs SEM, generaci\u00f3n de Contenidos, Community Manager, Anuncios en Facebook e Instagram y WhatsApp Marketing.<\/p>\n<p>Cabe mencionar que ambos son organizados por el \u00c1rea de Formaci\u00f3n Continua y la Direcci\u00f3n de Transferencia Cient\u00edfico-Tecnol\u00f3gica del Instituto.<\/p>\n<p>Inscripciones para Taller de Dise\u00f1o Gr\u00e1fico: <a href=\"https:\/\/extension.unvm.edu.ar\/?page_id=12521\">Ingresa ac\u00e1<\/a><\/p>\n<p>Inscripciones para el curso de Marketing Digital: <a href=\"https:\/\/docs.google.com\/forms\/d\/e\/1FAIpQLSfQOiPPuF-OOEeVdxEO7VNfaS9Rpp0DBc0DvWzTpfHouzYMjg\/viewform\">Ingresa ac\u00e1<\/a>\n<\/div>\n","protected":false},"excerpt":{"rendered":"<p>Comenzar\u00e1n dos nuevas propuestas virtuales, destinadas al abordaje de las Redes Sociales. En primer lugar, un taller pr\u00e1ctico de Dise\u00f1o Gr\u00e1fico y la segunda edici\u00f3n del curso de Marketing Digital. En el Instituto de Extensi\u00f3n de la Universidad Nacional Villa Mar\u00eda (UNVM), ya est\u00e1n abiertas las pre inscripciones para las nuevas capacitaciones que se brindar\u00e1n, [&hellip;]<\/p>\n","protected":false},"author":12,"featured_media":12582,"comment_status":"closed","ping_status":"closed","sticky":false,"template":"","format":"standard","meta":{"_exactmetrics_skip_tracking":false,"_exactmetrics_sitenote_active":false,"_exactmetrics_sitenote_note":"","_exactmetrics_sitenote_category":0,"footnotes":""},"categories":[2],"tags":[],"class_list":["post-12569","post","type-post","status-publish","format-standard","has-post-thumbnail","hentry","category-novedades"],"_links":{"self":[{"href":"https:\/\/extension.unvm.edu.ar\/index.php?rest_route=\/wp\/v2\/posts\/12569"}],"collection":[{"href":"https:\/\/extension.unvm.edu.ar\/index.php?rest_route=\/wp\/v2\/posts"}],"about":[{"href":"https:\/\/extension.unvm.edu.ar\/index.php?rest_route=\/wp\/v2\/types\/post"}],"author":[{"embeddable":true,"href":"https:\/\/extension.unvm.edu.ar\/index.php?rest_route=\/wp\/v2\/users\/12"}],"replies":[{"embeddable":true,"href":"https:\/\/extension.unvm.edu.ar\/index.php?rest_route=%2Fwp%2Fv2%2Fcomments&post=12569"}],"version-history":[{"count":8,"href":"https:\/\/extension.unvm.edu.ar\/index.php?rest_route=\/wp\/v2\/posts\/12569\/revisions"}],"predecessor-version":[{"id":12589,"href":"https:\/\/extension.unvm.edu.ar\/index.php?rest_route=\/wp\/v2\/posts\/12569\/revisions\/12589"}],"wp:featuredmedia":[{"embeddable":true,"href":"https:\/\/extension.unvm.edu.ar\/index.php?rest_route=\/wp\/v2\/media\/12582"}],"wp:attachment":[{"href":"https:\/\/extension.unvm.edu.ar\/index.php?rest_route=%2Fwp%2Fv2%2Fmedia&parent=12569"}],"wp:term":[{"taxonomy":"category","embeddable":true,"href":"https:\/\/extension.unvm.edu.ar\/index.php?rest_route=%2Fwp%2Fv2%2Fcategories&post=12569"},{"taxonomy":"post_tag","embeddable":true,"href":"https:\/\/extension.unvm.edu.ar\/index.php?rest_route=%2Fwp%2Fv2%2Ftags&post=12569"}],"curies":[{"name":"wp","href":"https:\/\/api.w.org\/{rel}","templated":true}]}}