{"id":12541,"date":"2020-08-07T18:43:47","date_gmt":"2020-08-07T18:43:47","guid":{"rendered":"http:\/\/extension.unvm.edu.ar\/?p=12541"},"modified":"2020-08-07T18:48:12","modified_gmt":"2020-08-07T18:48:12","slug":"se-realizaran-capacitaciones-virtuales-desde-territorios-creativos","status":"publish","type":"post","link":"https:\/\/extension.unvm.edu.ar\/?p=12541","title":{"rendered":"Se realizar\u00e1n capacitaciones virtuales desde Territorios Creativos"},"content":{"rendered":"<div align=\"justify\">\n<p><em>El proyecto villamariense contin\u00faa apostando al ciclo de formaci\u00f3n online, libre y gratuito. En esta oportunidad, ser\u00e1n dos encuentros, sobre Redes Sociales y Tienda Virtual para emprendedores\/as, a cargo de la lic. Karina Costabello.<\/em><\/p>\n<p>Territorios Creativos, el proyecto villamariense, contin\u00faa con el Ciclo de Capacitaciones virtuales, libres y gratuitas. Ser\u00e1n dos encuentros, disertados por la lic. Karina Costabello, a trav\u00e9s de la plataforma Google Meet, en los que se abordar\u00e1n tem\u00e1ticas relacionadas a las Redes Sociales y a la Tienda Virtual para emprendedores\/as. Tienen certificaci\u00f3n y requieren inscripci\u00f3n previa.<\/p>\n<p>El primer taller se llevar\u00e1 a cabo el pr\u00f3ximo jueves 13, a las 18:30 hs. Se ense\u00f1ar\u00e1 c\u00f3mo comunicar efectivamente en redes: Instagram, Facebook, WhatsApp Business, Google, Pinterest. Adem\u00e1s, se compartir\u00e1n todas las claves o tips para optimizar la presencia online, aprovechando mejor las herramientas y oportunidades que ofrece internet.<\/p>\n<p>Por su parte, el segundo encuentro ser\u00e1 el jueves 20, a las 18:30 hs., y tratar\u00e1 sobre Tienda Virtual para Emprendedores\/as. Durante el curso se ver\u00e1 qu\u00e9 significa hoy tener una tienda online en marcha y cu\u00e1les son los puntos m\u00e1s importantes para realizar la tuya. \u00bfQu\u00e9 es el E-commerce? \u00bfCu\u00e1les son los beneficios de una Tienda Online? y \u00bfQu\u00e9 necesito saber antes de hacer una?<\/p>\n<p>Cabe recordar, que Territorios Creativos, es un proyecto articulado entre la Municipalidad de Villa Mar\u00eda, a trav\u00e9s de la Secretar\u00eda de Educaci\u00f3n, Cultura y Promoci\u00f3n de la Ciencia, la Universidad Nacional de Villa Mar\u00eda (UNVM), mediante los Institutos de Extensi\u00f3n y de Investigaci\u00f3n, el Ente Regional para el Desarrollo (ENRED), la Asociaci\u00f3n de Empresarios Regi\u00f3n Centro Argentino (AERCA) y la Mesa de Industrias Creativas y Culturales de Villa Mar\u00eda (MICC). Tambi\u00e9n, en esta oportunidad la Secretar\u00eda de Inclusi\u00f3n Social y Territorio se suma a la articulaci\u00f3n.<\/p>\n<p>Para la pre inscripci\u00f3n se ingresa a trav\u00e9s del siguiente <a href=\"https:\/\/docs.google.com\/forms\/d\/e\/1FAIpQLSetrYf4do0KeaotnaNwX8e1_vFXi3XmCBFPg2TXXMmPZhNx8A\/viewform\">formulario<\/a>.\u00a0Luego de la inscripci\u00f3n, se les enviar\u00e1 el link de Google Meet.<\/p>\n<\/div>\n","protected":false},"excerpt":{"rendered":"<p>El proyecto villamariense contin\u00faa apostando al ciclo de formaci\u00f3n online, libre y gratuito. En esta oportunidad, ser\u00e1n dos encuentros, sobre Redes Sociales y Tienda Virtual para emprendedores\/as, a cargo de la lic. Karina Costabello. Territorios Creativos, el proyecto villamariense, contin\u00faa con el Ciclo de Capacitaciones virtuales, libres y gratuitas. Ser\u00e1n dos encuentros, disertados por la [&hellip;]<\/p>\n","protected":false},"author":12,"featured_media":12542,"comment_status":"closed","ping_status":"closed","sticky":false,"template":"","format":"standard","meta":{"_exactmetrics_skip_tracking":false,"_exactmetrics_sitenote_active":false,"_exactmetrics_sitenote_note":"","_exactmetrics_sitenote_category":0,"footnotes":""},"categories":[2],"tags":[],"class_list":["post-12541","post","type-post","status-publish","format-standard","has-post-thumbnail","hentry","category-novedades"],"_links":{"self":[{"href":"https:\/\/extension.unvm.edu.ar\/index.php?rest_route=\/wp\/v2\/posts\/12541"}],"collection":[{"href":"https:\/\/extension.unvm.edu.ar\/index.php?rest_route=\/wp\/v2\/posts"}],"about":[{"href":"https:\/\/extension.unvm.edu.ar\/index.php?rest_route=\/wp\/v2\/types\/post"}],"author":[{"embeddable":true,"href":"https:\/\/extension.unvm.edu.ar\/index.php?rest_route=\/wp\/v2\/users\/12"}],"replies":[{"embeddable":true,"href":"https:\/\/extension.unvm.edu.ar\/index.php?rest_route=%2Fwp%2Fv2%2Fcomments&post=12541"}],"version-history":[{"count":9,"href":"https:\/\/extension.unvm.edu.ar\/index.php?rest_route=\/wp\/v2\/posts\/12541\/revisions"}],"predecessor-version":[{"id":12813,"href":"https:\/\/extension.unvm.edu.ar\/index.php?rest_route=\/wp\/v2\/posts\/12541\/revisions\/12813"}],"wp:featuredmedia":[{"embeddable":true,"href":"https:\/\/extension.unvm.edu.ar\/index.php?rest_route=\/wp\/v2\/media\/12542"}],"wp:attachment":[{"href":"https:\/\/extension.unvm.edu.ar\/index.php?rest_route=%2Fwp%2Fv2%2Fmedia&parent=12541"}],"wp:term":[{"taxonomy":"category","embeddable":true,"href":"https:\/\/extension.unvm.edu.ar\/index.php?rest_route=%2Fwp%2Fv2%2Fcategories&post=12541"},{"taxonomy":"post_tag","embeddable":true,"href":"https:\/\/extension.unvm.edu.ar\/index.php?rest_route=%2Fwp%2Fv2%2Ftags&post=12541"}],"curies":[{"name":"wp","href":"https:\/\/api.w.org\/{rel}","templated":true}]}}