{"id":12374,"date":"2020-06-26T13:18:58","date_gmt":"2020-06-26T13:18:58","guid":{"rendered":"http:\/\/extension.unvm.edu.ar\/?p=12374"},"modified":"2020-06-26T13:19:21","modified_gmt":"2020-06-26T13:19:21","slug":"coro-de-ninos-y-ninas-de-la-unvm-participando-de-un-trato-x-el-buentrato","status":"publish","type":"post","link":"https:\/\/extension.unvm.edu.ar\/?p=12374","title":{"rendered":"Coro de ni\u00f1os y ni\u00f1as de la UNVM participaron de \u201cUn trato x el Buentrato\u201d"},"content":{"rendered":"<div align=\"justify\">\n<p><em>El elenco del Instituto de Extensi\u00f3n fue invitado a ser parte de diversas actividades virtuales que se llevaron a cabo en el marco de la 13\u00b0 Campa\u00f1a de Vacunaci\u00f3n contra el maltrato hacia ni\u00f1os, ni\u00f1as y adolescentes.<\/em><\/p>\n<p>El Coro de Ni\u00f1os y Ni\u00f1as, elenco estable perteneciente al Instituto de Extensi\u00f3n de la Universidad Nacional Villa Mar\u00eda (UNVM), fue invitado a participar de la 13\u00b0 Campa\u00f1a de Vacunaci\u00f3n contra el maltrato hacia ni\u00f1os, ni\u00f1as y adolescentes \u201cUn trato x un Buentrato\u201d, que se llev\u00f3 a cabo de manera virtual, el pasado mi\u00e9rcoles 24.<\/p>\n<p>El encuentro, organizado por la Mesa de Buentrato C\u00f3rdoba, consisti\u00f3 en la realizaci\u00f3n de diversas actividades. Los ejes orientadores de las mismas fueron la promoci\u00f3n de los Derechos de Ni\u00f1os, Ni\u00f1as y Adolescentes, enfatizando el derecho al buen trato, la participaci\u00f3n y el protagonismo adolescente, capacitaci\u00f3n en la tem\u00e1tica y sensibilizaci\u00f3n y b\u00fasqueda de compromiso de la comunidad, promoviendo relaciones libres de violencia entre g\u00e9neros y generaciones.<\/p>\n<p>Cabe mencionar que se gener\u00f3 un espacio de escucha y reflexi\u00f3n respecto a c\u00f3mo viven este tiempo de pandemia. Los ni\u00f1os y ni\u00f1as participaron entusiasmados de todas las propuestas y, para finalizar la jornada, se hizo una canci\u00f3n referida a la tem\u00e1tica en cuesti\u00f3n.<\/p>\n<p>En la propuesta, tambi\u00e9n estuvieron presentes la directora del coro lic. Ivana Perren, el guitarrista Juan Mur\u00faa, la trabajadora social, Jimena Gianinetto y la lic. Marianela Bordese. Los moderadores y organizadores fueron el capacitador Buentrato CyC, Eduardo Robayna y la coordinadora de proyectos CyC Comunidad y Cambio Asociaci\u00f3n Civil, Leticia P\u00e9rez de Celis.<\/p>\n<\/div>\n","protected":false},"excerpt":{"rendered":"<p>El elenco del Instituto de Extensi\u00f3n fue invitado a ser parte de diversas actividades virtuales que se llevaron a cabo en el marco de la 13\u00b0 Campa\u00f1a de Vacunaci\u00f3n contra el maltrato hacia ni\u00f1os, ni\u00f1as y adolescentes. El Coro de Ni\u00f1os y Ni\u00f1as, elenco estable perteneciente al Instituto de Extensi\u00f3n de la Universidad Nacional Villa [&hellip;]<\/p>\n","protected":false},"author":12,"featured_media":12381,"comment_status":"closed","ping_status":"closed","sticky":false,"template":"","format":"standard","meta":{"_exactmetrics_skip_tracking":false,"_exactmetrics_sitenote_active":false,"_exactmetrics_sitenote_note":"","_exactmetrics_sitenote_category":0,"footnotes":""},"categories":[2],"tags":[],"class_list":["post-12374","post","type-post","status-publish","format-standard","has-post-thumbnail","hentry","category-novedades"],"_links":{"self":[{"href":"https:\/\/extension.unvm.edu.ar\/index.php?rest_route=\/wp\/v2\/posts\/12374"}],"collection":[{"href":"https:\/\/extension.unvm.edu.ar\/index.php?rest_route=\/wp\/v2\/posts"}],"about":[{"href":"https:\/\/extension.unvm.edu.ar\/index.php?rest_route=\/wp\/v2\/types\/post"}],"author":[{"embeddable":true,"href":"https:\/\/extension.unvm.edu.ar\/index.php?rest_route=\/wp\/v2\/users\/12"}],"replies":[{"embeddable":true,"href":"https:\/\/extension.unvm.edu.ar\/index.php?rest_route=%2Fwp%2Fv2%2Fcomments&post=12374"}],"version-history":[{"count":7,"href":"https:\/\/extension.unvm.edu.ar\/index.php?rest_route=\/wp\/v2\/posts\/12374\/revisions"}],"predecessor-version":[{"id":12401,"href":"https:\/\/extension.unvm.edu.ar\/index.php?rest_route=\/wp\/v2\/posts\/12374\/revisions\/12401"}],"wp:featuredmedia":[{"embeddable":true,"href":"https:\/\/extension.unvm.edu.ar\/index.php?rest_route=\/wp\/v2\/media\/12381"}],"wp:attachment":[{"href":"https:\/\/extension.unvm.edu.ar\/index.php?rest_route=%2Fwp%2Fv2%2Fmedia&parent=12374"}],"wp:term":[{"taxonomy":"category","embeddable":true,"href":"https:\/\/extension.unvm.edu.ar\/index.php?rest_route=%2Fwp%2Fv2%2Fcategories&post=12374"},{"taxonomy":"post_tag","embeddable":true,"href":"https:\/\/extension.unvm.edu.ar\/index.php?rest_route=%2Fwp%2Fv2%2Ftags&post=12374"}],"curies":[{"name":"wp","href":"https:\/\/api.w.org\/{rel}","templated":true}]}}