{"id":12361,"date":"2020-06-19T19:22:27","date_gmt":"2020-06-19T19:22:27","guid":{"rendered":"http:\/\/extension.unvm.edu.ar\/?p=12361"},"modified":"2020-06-19T19:22:46","modified_gmt":"2020-06-19T19:22:46","slug":"se-firmo-un-protocolo-de-trabajo-entre-la-unvm-y-el-municipio-de-general-deheza","status":"publish","type":"post","link":"https:\/\/extension.unvm.edu.ar\/?p=12361","title":{"rendered":"Se firm\u00f3 un protocolo de trabajo entre la UNVM y el municipio de General Deheza"},"content":{"rendered":"<div align=\"justify\">\n<p><em>Los representantes de ambas instituciones, firmaron el protocolo por medio de un encuentro virtual. El principal objetivo es asociar esfuerzos para desarrollar de manera conjunta proyectos de car\u00e1cter cultural, cient\u00edfico y educativo.<\/em><\/p>\n<p>Entre el Instituto de Extensi\u00f3n de la Universidad Nacional Villa Mar\u00eda (UNVM), representado por la lic. Gabriela Redondo y la Municipalidad de General Deheza, a cargo del intendente sr. Franco Danilo Morra, se llev\u00f3 a cabo la firma de un Protocolo de Trabajo, de manera virtual.<\/p>\n<p>El mismo, tiene como principal objetivo asociar esfuerzos para desarrollar de manera conjunta proyectos de car\u00e1cter cultural, cient\u00edfico y educativo. En este sentido, ambas instituciones se proponen a promover la realizaci\u00f3n de cursos, conferencias, talleres y otras actividades que sean pertinentes.<\/p>\n<p>En principio, iniciar\u00e1n el proceso de articulaci\u00f3n con el dictado del Taller Virtual \u201cDe la idea al negocio\u201d, de car\u00e1cter gratuito, que ser\u00e1 dictado por el Instituto a trav\u00e9s del \u00c1rea de Formaci\u00f3n Continua y el \u00c1rea de Transferencia Cient\u00edfico-Tecnol\u00f3gica, bajo la direcci\u00f3n del cr. Dar\u00edo Poncio, conjuntamente con el municipio.<\/p>\n<p>El taller comenzar\u00e1 el 6 de julio, a trav\u00e9s del Campus Virtual de la UNVM y su programa se desarrollar\u00e1 en base a las siguientes tem\u00e1ticas: ecosistema emprendedor, estudio de mercado, perfil del cliente, plan de negocios, Modelo Canvas. Estar\u00e1 destinado a estudiantes, emprendedores\/as y p\u00fablico en general con inter\u00e9s en la tem\u00e1tica.<\/p>\n<p>El cuerpo docente estar\u00e1 conformado por miembros del equipo UNIPYMES de la Direcci\u00f3n de Transferencia Cient\u00edfico Tecnol\u00f3gica del Instituto de Extensi\u00f3n: Cr. Dar\u00edo Poncio, Lic. Mart\u00edn Benito Dutto, y Juan Pablo Iturria.<\/p>\n<p>Cabe mencionar que el Instituto de Extensi\u00f3n, est\u00e1 desarrollando a trav\u00e9s de los programas Ventanilla del Emprendedor, Incubadora de Empresas y Oficina de Propiedad Intelectual, de la Direcci\u00f3n de Transferencia Cient\u00edfico-Tecnol\u00f3gica, un trabajo integrado de fortalecimiento de las Pymes de la ciudad y la regi\u00f3n, impulsando el emprendedorismo y brindando herramientas para su desarrollo.<\/p>\n<p>En el caso del Instituto, a trav\u00e9s del \u00c1rea de Formaci\u00f3n Continua del Instituto, est\u00e1 generando espacios destinados a la creaci\u00f3n permanente de capacitaciones, que responden a las necesidades de la comunidad en su conjunto.<\/p>\n<p>Por su parte, desde el Municipio de General Deheza, se implement\u00f3 el \u201cPrograma Deheza Emprende Digital\u201d, a trav\u00e9s de la Secretar\u00eda de Industria, Comercio y Empleo Municipal, que tiene como parte de sus competencias el fomento de la productividad y competitividad de la industria y el comercio local, a trav\u00e9s de la creaci\u00f3n, ejecuci\u00f3n y control de pol\u00edticas p\u00fablicas que generen condiciones m\u00e1s propicias para la instalaci\u00f3n y desarrollo de industrias y comercios en la ciudad.<\/p>\n<\/div>\n","protected":false},"excerpt":{"rendered":"<p>Los representantes de ambas instituciones, firmaron el protocolo por medio de un encuentro virtual. El principal objetivo es asociar esfuerzos para desarrollar de manera conjunta proyectos de car\u00e1cter cultural, cient\u00edfico y educativo. Entre el Instituto de Extensi\u00f3n de la Universidad Nacional Villa Mar\u00eda (UNVM), representado por la lic. Gabriela Redondo y la Municipalidad de General [&hellip;]<\/p>\n","protected":false},"author":12,"featured_media":12368,"comment_status":"closed","ping_status":"closed","sticky":false,"template":"","format":"standard","meta":{"_exactmetrics_skip_tracking":false,"_exactmetrics_sitenote_active":false,"_exactmetrics_sitenote_note":"","_exactmetrics_sitenote_category":0,"footnotes":""},"categories":[2],"tags":[],"class_list":["post-12361","post","type-post","status-publish","format-standard","has-post-thumbnail","hentry","category-novedades"],"_links":{"self":[{"href":"https:\/\/extension.unvm.edu.ar\/index.php?rest_route=\/wp\/v2\/posts\/12361"}],"collection":[{"href":"https:\/\/extension.unvm.edu.ar\/index.php?rest_route=\/wp\/v2\/posts"}],"about":[{"href":"https:\/\/extension.unvm.edu.ar\/index.php?rest_route=\/wp\/v2\/types\/post"}],"author":[{"embeddable":true,"href":"https:\/\/extension.unvm.edu.ar\/index.php?rest_route=\/wp\/v2\/users\/12"}],"replies":[{"embeddable":true,"href":"https:\/\/extension.unvm.edu.ar\/index.php?rest_route=%2Fwp%2Fv2%2Fcomments&post=12361"}],"version-history":[{"count":5,"href":"https:\/\/extension.unvm.edu.ar\/index.php?rest_route=\/wp\/v2\/posts\/12361\/revisions"}],"predecessor-version":[{"id":12378,"href":"https:\/\/extension.unvm.edu.ar\/index.php?rest_route=\/wp\/v2\/posts\/12361\/revisions\/12378"}],"wp:featuredmedia":[{"embeddable":true,"href":"https:\/\/extension.unvm.edu.ar\/index.php?rest_route=\/wp\/v2\/media\/12368"}],"wp:attachment":[{"href":"https:\/\/extension.unvm.edu.ar\/index.php?rest_route=%2Fwp%2Fv2%2Fmedia&parent=12361"}],"wp:term":[{"taxonomy":"category","embeddable":true,"href":"https:\/\/extension.unvm.edu.ar\/index.php?rest_route=%2Fwp%2Fv2%2Fcategories&post=12361"},{"taxonomy":"post_tag","embeddable":true,"href":"https:\/\/extension.unvm.edu.ar\/index.php?rest_route=%2Fwp%2Fv2%2Ftags&post=12361"}],"curies":[{"name":"wp","href":"https:\/\/api.w.org\/{rel}","templated":true}]}}