{"id":12356,"date":"2020-06-17T20:25:17","date_gmt":"2020-06-17T20:25:17","guid":{"rendered":"http:\/\/extension.unvm.edu.ar\/?p=12356"},"modified":"2020-06-17T21:17:15","modified_gmt":"2020-06-17T21:17:15","slug":"se-realizara-un-taller-virtual-gratuito-de-la-idea-al-negocio","status":"publish","type":"post","link":"https:\/\/extension.unvm.edu.ar\/?p=12356","title":{"rendered":"Se realizar\u00e1 un taller virtual gratuito: De la idea al negocio"},"content":{"rendered":"<p>El \u00c1rea de Formaci\u00f3n Continua, organizado en conjunto con la Direcci\u00f3n de Transferencia Cient\u00edfica-Tecnol\u00f3gica del Instituto de Extensi\u00f3n de la UNVM y la Municipalidad de General Deheza, brindar\u00e1 un nuevo taller virtual gratuito, denominado \u201cDe la idea al negocio\u201d, el pr\u00f3ximo 6 de julio.<\/p>\n<p>La capacitaci\u00f3n, estar\u00e1 destinada a estudiantes, emprendedores\/as y p\u00fablico en general interesado en la tem\u00e1tica. Asimismo, tendr\u00e1 como objetivo abordar temas relacionados al ecosistema emprendedor, estudio de mercado, perfil del cliente, plan de negocios y modelo Canvas.<\/p>\n<p>Ser\u00e1n 4 m\u00f3dulos semanales a trav\u00e9s del Campus virtual UNVM, disertados por los miembros del equipo UNIPYMES del Instituto de Extensi\u00f3n, cr. Dario Poncio, lic. Mart\u00edn Benito Dutto y Juan Pablo Iturria.<\/p>\n<p>Inscripci\u00f3n: <a href=\"https:\/\/bit.ly\/3fyqP9R?fbclid=IwAR37OZD6LDD8EhIjgiXSBFdZ4WKiB9Eg8yDNqhV8WU7zJ6R7FxATYxFSnpQ\">https:\/\/bit.ly\/3fyqP9R<\/a><\/p>\n","protected":false},"excerpt":{"rendered":"<p>El \u00c1rea de Formaci\u00f3n Continua, organizado en conjunto con la Direcci\u00f3n de Transferencia Cient\u00edfica-Tecnol\u00f3gica del Instituto de Extensi\u00f3n de la UNVM y la Municipalidad de General Deheza, brindar\u00e1 un nuevo taller virtual gratuito, denominado \u201cDe la idea al negocio\u201d, el pr\u00f3ximo 6 de julio. La capacitaci\u00f3n, estar\u00e1 destinada a estudiantes, emprendedores\/as y p\u00fablico en general [&hellip;]<\/p>\n","protected":false},"author":12,"featured_media":0,"comment_status":"closed","ping_status":"closed","sticky":false,"template":"","format":"standard","meta":{"_exactmetrics_skip_tracking":false,"_exactmetrics_sitenote_active":false,"_exactmetrics_sitenote_note":"","_exactmetrics_sitenote_category":0,"footnotes":""},"categories":[2],"tags":[],"class_list":["post-12356","post","type-post","status-publish","format-standard","hentry","category-novedades"],"_links":{"self":[{"href":"https:\/\/extension.unvm.edu.ar\/index.php?rest_route=\/wp\/v2\/posts\/12356"}],"collection":[{"href":"https:\/\/extension.unvm.edu.ar\/index.php?rest_route=\/wp\/v2\/posts"}],"about":[{"href":"https:\/\/extension.unvm.edu.ar\/index.php?rest_route=\/wp\/v2\/types\/post"}],"author":[{"embeddable":true,"href":"https:\/\/extension.unvm.edu.ar\/index.php?rest_route=\/wp\/v2\/users\/12"}],"replies":[{"embeddable":true,"href":"https:\/\/extension.unvm.edu.ar\/index.php?rest_route=%2Fwp%2Fv2%2Fcomments&post=12356"}],"version-history":[{"count":2,"href":"https:\/\/extension.unvm.edu.ar\/index.php?rest_route=\/wp\/v2\/posts\/12356\/revisions"}],"predecessor-version":[{"id":12360,"href":"https:\/\/extension.unvm.edu.ar\/index.php?rest_route=\/wp\/v2\/posts\/12356\/revisions\/12360"}],"wp:attachment":[{"href":"https:\/\/extension.unvm.edu.ar\/index.php?rest_route=%2Fwp%2Fv2%2Fmedia&parent=12356"}],"wp:term":[{"taxonomy":"category","embeddable":true,"href":"https:\/\/extension.unvm.edu.ar\/index.php?rest_route=%2Fwp%2Fv2%2Fcategories&post=12356"},{"taxonomy":"post_tag","embeddable":true,"href":"https:\/\/extension.unvm.edu.ar\/index.php?rest_route=%2Fwp%2Fv2%2Ftags&post=12356"}],"curies":[{"name":"wp","href":"https:\/\/api.w.org\/{rel}","templated":true}]}}