{"id":12299,"date":"2020-06-05T18:04:23","date_gmt":"2020-06-05T18:04:23","guid":{"rendered":"http:\/\/extension.unvm.edu.ar\/?p=12299"},"modified":"2020-06-05T18:04:23","modified_gmt":"2020-06-05T18:04:23","slug":"incubadora-de-empresas-de-la-unvm-tendra-mentores","status":"publish","type":"post","link":"https:\/\/extension.unvm.edu.ar\/?p=12299","title":{"rendered":"Incubadora de empresas de la UNVM tendr\u00e1 mentores"},"content":{"rendered":"<div align=\"justify\">\n<p><em>Se trata de profesionales que se encargan de trasmitir su experiencia a las\/os emprendedoras\/es con el fin de que puedan desarrollar sus emprendimientos. El pasado martes, se llev\u00f3 a cabo una reuni\u00f3n con los integrantes que formar\u00e1n parte del programa perteneciente al Instituto de Extensi\u00f3n.<\/em><\/p>\n<p>El Programa Incubadora de Empresas del \u00c1rea de Transferencia Cient\u00edfico-Tecnol\u00f3gica del Instituto de Extensi\u00f3n, de la Universidad Nacional Villa Mar\u00eda (UNVM), a cargo de Dario Poncio, tendr\u00e1 nuevos mentores. El pasado martes, se llev\u00f3 a cabo una reuni\u00f3n con integrantes de la direcci\u00f3n y el equipo de profesionales que formar\u00e1n parte del Programa de Mentor\u00eda.<\/p>\n<p>Es importante mencionar, que dicho programa contar\u00e1 con un mentor general (coordinador), como as\u00ed tambi\u00e9n con un mentor espec\u00edfico para los tres perfiles de emprendimientos buscados por la incubadora: Base Productiva, Base Cultural, Base Cient\u00edfico\/Tecnol\u00f3gica.<\/p>\n<p>La figura de mentor general (coordinador) la ocupar\u00e1 el emprendedor villamariense, CEO &amp; CO \u2013 Founder de \u201cSmart Learning IL\u201d y CEO de \u201cAprende Hebreo\u201d, radicado en Tel Aviv Israel, Francisco Marinaro.<\/p>\n<p>En lo que respecta al mentor de proyectos de base productiva, es el Lic. en Administraci\u00f3n de la UNVM, Mat\u00edas Pavignano. La mentora de proyectos de base cultural es la contadora, docente y disertante, Patricia Jablonka. Y, el mentor de proyectos de base cient\u00edfica\/tecnol\u00f3gica es el doc. en Biotecnolog\u00eda, investigador del CONICEY y docente de la UNVM, Leopoldo Palma.<\/p>\n<p>En dicha reuni\u00f3n virtual, realizada a trav\u00e9s de la Plataforma Zoom, estuvieron presentes Francisco Marinaro, Patricia Jablonka, lic. Leopoldo Palma, el director Dario Poncio e integrantes del equipo del \u00c1rea de Transferencia Cient\u00edfico-Tecnol\u00f3gica.<\/p>\n<p>Cabe recordar, que pr\u00f3ximamente se abrir\u00e1n las inscripciones para que los\/as emprendedores\/as interesados\/as puedan solicitar el asesoramiento y las mentor\u00edas.<\/p>\n<p><strong>\u00bfEn qu\u00e9 consiste el Programa de Mentores?<\/strong><\/p>\n<p>En principio, los procesos de mentor\u00eda se dirigen al acompa\u00f1amiento de proyectos que se encuentran en un estado inicial o fase de desarrollo temprano, como as\u00ed tambi\u00e9n a proyectos en fase de consolidaci\u00f3n.<\/p>\n<p>En referencia al rol de los\/as mentores\/as, son los que se encargan de transmitir su experiencia a los\/as emprendedores\/as con el fin de que puedan desarrollar sus emprendimientos. El acompa\u00f1amiento puede constar desde la transmisi\u00f3n de experiencias en el desarrollo de emprendimientos y empresas, como as\u00ed tambi\u00e9n de conocimientos cient\u00edficos-t\u00e9cnicos en \u00e1reas afines a los emprendimientos mentoreados.<\/p>\n<\/div>\n","protected":false},"excerpt":{"rendered":"<p>Se trata de profesionales que se encargan de trasmitir su experiencia a las\/os emprendedoras\/es con el fin de que puedan desarrollar sus emprendimientos. El pasado martes, se llev\u00f3 a cabo una reuni\u00f3n con los integrantes que formar\u00e1n parte del programa perteneciente al Instituto de Extensi\u00f3n. El Programa Incubadora de Empresas del \u00c1rea de Transferencia Cient\u00edfico-Tecnol\u00f3gica [&hellip;]<\/p>\n","protected":false},"author":12,"featured_media":12310,"comment_status":"closed","ping_status":"closed","sticky":false,"template":"","format":"standard","meta":{"_exactmetrics_skip_tracking":false,"_exactmetrics_sitenote_active":false,"_exactmetrics_sitenote_note":"","_exactmetrics_sitenote_category":0,"footnotes":""},"categories":[2],"tags":[],"class_list":["post-12299","post","type-post","status-publish","format-standard","has-post-thumbnail","hentry","category-novedades"],"_links":{"self":[{"href":"https:\/\/extension.unvm.edu.ar\/index.php?rest_route=\/wp\/v2\/posts\/12299"}],"collection":[{"href":"https:\/\/extension.unvm.edu.ar\/index.php?rest_route=\/wp\/v2\/posts"}],"about":[{"href":"https:\/\/extension.unvm.edu.ar\/index.php?rest_route=\/wp\/v2\/types\/post"}],"author":[{"embeddable":true,"href":"https:\/\/extension.unvm.edu.ar\/index.php?rest_route=\/wp\/v2\/users\/12"}],"replies":[{"embeddable":true,"href":"https:\/\/extension.unvm.edu.ar\/index.php?rest_route=%2Fwp%2Fv2%2Fcomments&post=12299"}],"version-history":[{"count":7,"href":"https:\/\/extension.unvm.edu.ar\/index.php?rest_route=\/wp\/v2\/posts\/12299\/revisions"}],"predecessor-version":[{"id":12312,"href":"https:\/\/extension.unvm.edu.ar\/index.php?rest_route=\/wp\/v2\/posts\/12299\/revisions\/12312"}],"wp:featuredmedia":[{"embeddable":true,"href":"https:\/\/extension.unvm.edu.ar\/index.php?rest_route=\/wp\/v2\/media\/12310"}],"wp:attachment":[{"href":"https:\/\/extension.unvm.edu.ar\/index.php?rest_route=%2Fwp%2Fv2%2Fmedia&parent=12299"}],"wp:term":[{"taxonomy":"category","embeddable":true,"href":"https:\/\/extension.unvm.edu.ar\/index.php?rest_route=%2Fwp%2Fv2%2Fcategories&post=12299"},{"taxonomy":"post_tag","embeddable":true,"href":"https:\/\/extension.unvm.edu.ar\/index.php?rest_route=%2Fwp%2Fv2%2Ftags&post=12299"}],"curies":[{"name":"wp","href":"https:\/\/api.w.org\/{rel}","templated":true}]}}