{"id":12269,"date":"2020-06-04T21:47:16","date_gmt":"2020-06-04T21:47:16","guid":{"rendered":"http:\/\/extension.unvm.edu.ar\/?p=12269"},"modified":"2020-06-04T22:06:39","modified_gmt":"2020-06-04T22:06:39","slug":"nuevas-capacitaciones-virtuales","status":"publish","type":"post","link":"https:\/\/extension.unvm.edu.ar\/?p=12269","title":{"rendered":"Nuevas capacitaciones virtuales"},"content":{"rendered":"<div align=\"justify\">\n<p><em>A trav\u00e9s del \u00c1rea de Formaci\u00f3n Continua del Instituto de Extensi\u00f3n, se brindar\u00e1n dos talleres virtuales que comenzar\u00e1n en junio y julio.<\/em><\/p>\n<p>En primer lugar, el Taller Introductorio de Oratoria aplicada a la Danza Folkl\u00f3rica se llevar\u00e1 a cabo el pr\u00f3ximo 13 de junio, de 16:00 a 18:00 hs. Ser\u00e1n dos encuentros virtuales gratuitos, a trav\u00e9s de la plataforma Zoom y luego se enviar\u00e1n actividades pr\u00e1cticas en la Plataforma Moodle de la UNVM.<\/p>\n<p>Este taller, estar\u00e1 a cargo de Carina Bonoris, Sebasti\u00e1n Magarzo, Gustavo Blengino y Franco G\u00f3mez Coria, miembros de la Asociaci\u00f3n Cordobesa de la Danza Folkl\u00f3rica (ACORDAF) y tiene como objetivo capacitar a los\/as trabajadores\/as de la danza folkl\u00f3rica, en la expresi\u00f3n oral como un eficaz instrumento para ejercer la docencia, expresarse frente a un p\u00fablico, a autoridades y defender un proyecto comunal e institucional, entre otros.<\/p>\n<p>Asimismo, se aprender\u00e1 sobre t\u00e9cnicas para vencer los nervios y el p\u00e1nico esc\u00e9nico, t\u00e9cnicas efectivas para memorizar y recordar tu presentaci\u00f3n y t\u00e9cnicas visuales de qu\u00e9 hacer con tus manos al hablar en p\u00fablico.<\/p>\n<p>Por su parte, en julio se brindar\u00e1 el Taller de Especializaci\u00f3n \u201cDetr\u00e1s del video para bodas, las pr\u00e1cticas profesionales\u201d, que constar\u00e1 de 16 clases en vivo a trav\u00e9s de la plataforma Google Meet, en las cuales se trabajar\u00e1 sobre herramientas de marketing y pr\u00e1cticas profesionales para el mercado de films de bodas, atendiendo a la inserci\u00f3n laboral de los profesionales del \u00e1rea. Las mismas inician el 7 de julio de 13 a 15 hs.<\/p>\n<p>El taller, que ser\u00e1 dictado por el realizador audiovisual, Leandro Navall, est\u00e1 destinado a egresados\/as y estudiantes de la Lic. en Dise\u00f1o y Producci\u00f3n Audiovisual, emprendedores\/as del sector audiovisual, autodidactas, colegas, vide\u00f3grafos\/as de bodas.<\/p>\n<p>Se aprender\u00e1 sobre el proceso completo de producci\u00f3n del film de una boda, comenzando con la realizaci\u00f3n de un diagn\u00f3stico, la definici\u00f3n de tu mercado, a controlar tus finanzas con herramientas de Excel que permitan registrar tus movimientos b\u00e1sicos y diarios, armar propuestas, presupuestos, estrategias de venta, entre otros.<\/p>\n<\/div>\n","protected":false},"excerpt":{"rendered":"<p>A trav\u00e9s del \u00c1rea de Formaci\u00f3n Continua del Instituto de Extensi\u00f3n, se brindar\u00e1n dos talleres virtuales que comenzar\u00e1n en junio y julio. En primer lugar, el Taller Introductorio de Oratoria aplicada a la Danza Folkl\u00f3rica se llevar\u00e1 a cabo el pr\u00f3ximo 13 de junio, de 16:00 a 18:00 hs. Ser\u00e1n dos encuentros virtuales gratuitos, a [&hellip;]<\/p>\n","protected":false},"author":12,"featured_media":12280,"comment_status":"closed","ping_status":"closed","sticky":false,"template":"","format":"standard","meta":{"_exactmetrics_skip_tracking":false,"_exactmetrics_sitenote_active":false,"_exactmetrics_sitenote_note":"","_exactmetrics_sitenote_category":0,"footnotes":""},"categories":[2],"tags":[],"class_list":["post-12269","post","type-post","status-publish","format-standard","has-post-thumbnail","hentry","category-novedades"],"_links":{"self":[{"href":"https:\/\/extension.unvm.edu.ar\/index.php?rest_route=\/wp\/v2\/posts\/12269"}],"collection":[{"href":"https:\/\/extension.unvm.edu.ar\/index.php?rest_route=\/wp\/v2\/posts"}],"about":[{"href":"https:\/\/extension.unvm.edu.ar\/index.php?rest_route=\/wp\/v2\/types\/post"}],"author":[{"embeddable":true,"href":"https:\/\/extension.unvm.edu.ar\/index.php?rest_route=\/wp\/v2\/users\/12"}],"replies":[{"embeddable":true,"href":"https:\/\/extension.unvm.edu.ar\/index.php?rest_route=%2Fwp%2Fv2%2Fcomments&post=12269"}],"version-history":[{"count":5,"href":"https:\/\/extension.unvm.edu.ar\/index.php?rest_route=\/wp\/v2\/posts\/12269\/revisions"}],"predecessor-version":[{"id":12365,"href":"https:\/\/extension.unvm.edu.ar\/index.php?rest_route=\/wp\/v2\/posts\/12269\/revisions\/12365"}],"wp:featuredmedia":[{"embeddable":true,"href":"https:\/\/extension.unvm.edu.ar\/index.php?rest_route=\/wp\/v2\/media\/12280"}],"wp:attachment":[{"href":"https:\/\/extension.unvm.edu.ar\/index.php?rest_route=%2Fwp%2Fv2%2Fmedia&parent=12269"}],"wp:term":[{"taxonomy":"category","embeddable":true,"href":"https:\/\/extension.unvm.edu.ar\/index.php?rest_route=%2Fwp%2Fv2%2Fcategories&post=12269"},{"taxonomy":"post_tag","embeddable":true,"href":"https:\/\/extension.unvm.edu.ar\/index.php?rest_route=%2Fwp%2Fv2%2Ftags&post=12269"}],"curies":[{"name":"wp","href":"https:\/\/api.w.org\/{rel}","templated":true}]}}