{"id":12239,"date":"2020-06-03T14:36:35","date_gmt":"2020-06-03T14:36:35","guid":{"rendered":"http:\/\/extension.unvm.edu.ar\/?p=12239"},"modified":"2020-06-04T21:44:20","modified_gmt":"2020-06-04T21:44:20","slug":"se-llevo-a-cabo-una-jornada-de-encuentro-de-la-red-de-gestion-cultural-publica","status":"publish","type":"post","link":"https:\/\/extension.unvm.edu.ar\/?p=12239","title":{"rendered":"Se llev\u00f3 a cabo una Jornada de Encuentro de la Red de Gesti\u00f3n Cultural P\u00fablica"},"content":{"rendered":"<div align=\"justify\">\n<p><em>Fueron dos d\u00edas intensos de diversas charlas enfocadas principalmente en las miradas territoriales en tiempos de pandemia.<\/em><\/p>\n<p>Se realiz\u00f3 la Jornada de Encuentro de la Red de Gesti\u00f3n Cultural P\u00fablica: miradas territoriales en tiempos de pandemia, los pasados jueves 28 y viernes 29 de mayo. Participaron en la misma, en representaci\u00f3n al Instituto de Extensi\u00f3n, Marianela Bordese, al Ente Regional de Desarrollo (ENRED), Paula Tissera y a la Asociaci\u00f3n de Empresarios Regi\u00f3n Centro Argentina (AERC) y la Mesa de Industrias Creativas y Culturales de Villa Mar\u00eda (MICC), Carina Costabello.<\/p>\n<p>Cabe mencionar, que se llevaron a cabo diversas charlas y encuentros. El jueves 28, comenz\u00f3 a las 17 hs con una charla denominada \u201cTan lejos, tan cerca: Experiencias en el territorio\u201d, encabezada por el director de Acci\u00f3n Cultural y Deportiva de Marcos Ju\u00e1rez, Marcos Montechiari y por el Secretario de Educaci\u00f3n, Cultura y Promoci\u00f3n de la Ciencia de Villa Mar\u00eda, Rafael Sachetto.<\/p>\n<\/div>\n<p>Asimismo, la lic. en Turismo, Comisi\u00f3n Directiva ORC y Promotora Asesora Cambio Rural INTA, Romina Leguizam\u00f3n, el integrante del \u00c1rea de Promoci\u00f3n Tur\u00edstica de la ciudad de C\u00f3rdoba, Pancho Marchiaro y el director de Turismo de Villa Cura Brochero, disertaron sobre \u201cRecalculando: trazando el camino del turismo cultural\u201d.<\/p>\n<p>Ese d\u00eda, finaliz\u00f3 con la charla del subsecretario de Cultura de la UNC, Pedro Sorrentino y el director de Cultura y Patrimonio de la Legislatura de C\u00f3rdoba, Emanuel Hern\u00e1ndez, que trat\u00f3 sobre \u201cAmplificando los sentidos\u201d: \u00bfHablamos del Estado?<\/p>\n<p>En lo que respecta al viernes 29, la representante de la Direcci\u00f3n de Cultura de La Falda, comenz\u00f3 hablando sobre \u00bfConocernos es mapearnos? Luego, finalizaron la jornada, la coordinadora del Grupo Exportador C\u00f3rdoba M\u00fasica, Cecilia Salguero, la directora Festival Internacional de Danza, Melisa Ca\u00f1as, la comunicadora provincial del Movimiento Federal de Danza de C\u00f3rdoba, Cecilia Priotto, Noelia Fern\u00e1ndez, del Centro Cultural Valle del Sol, Patricia Molina del \u00c1rea de Cultura Mendiolaza y V\u00edctor Garay del Sindicato de m\u00fasicos\/as de C\u00f3rdoba, que disertaron sobre los \u201cDesaf\u00edos de colectivos culturales en pandemia\u201d.<\/p>\n","protected":false},"excerpt":{"rendered":"<p>Fueron dos d\u00edas intensos de diversas charlas enfocadas principalmente en las miradas territoriales en tiempos de pandemia. Se realiz\u00f3 la Jornada de Encuentro de la Red de Gesti\u00f3n Cultural P\u00fablica: miradas territoriales en tiempos de pandemia, los pasados jueves 28 y viernes 29 de mayo. Participaron en la misma, en representaci\u00f3n al Instituto de Extensi\u00f3n, [&hellip;]<\/p>\n","protected":false},"author":12,"featured_media":12244,"comment_status":"closed","ping_status":"closed","sticky":false,"template":"","format":"standard","meta":{"_exactmetrics_skip_tracking":false,"_exactmetrics_sitenote_active":false,"_exactmetrics_sitenote_note":"","_exactmetrics_sitenote_category":0,"footnotes":""},"categories":[2],"tags":[],"class_list":["post-12239","post","type-post","status-publish","format-standard","has-post-thumbnail","hentry","category-novedades"],"_links":{"self":[{"href":"https:\/\/extension.unvm.edu.ar\/index.php?rest_route=\/wp\/v2\/posts\/12239"}],"collection":[{"href":"https:\/\/extension.unvm.edu.ar\/index.php?rest_route=\/wp\/v2\/posts"}],"about":[{"href":"https:\/\/extension.unvm.edu.ar\/index.php?rest_route=\/wp\/v2\/types\/post"}],"author":[{"embeddable":true,"href":"https:\/\/extension.unvm.edu.ar\/index.php?rest_route=\/wp\/v2\/users\/12"}],"replies":[{"embeddable":true,"href":"https:\/\/extension.unvm.edu.ar\/index.php?rest_route=%2Fwp%2Fv2%2Fcomments&post=12239"}],"version-history":[{"count":6,"href":"https:\/\/extension.unvm.edu.ar\/index.php?rest_route=\/wp\/v2\/posts\/12239\/revisions"}],"predecessor-version":[{"id":12275,"href":"https:\/\/extension.unvm.edu.ar\/index.php?rest_route=\/wp\/v2\/posts\/12239\/revisions\/12275"}],"wp:featuredmedia":[{"embeddable":true,"href":"https:\/\/extension.unvm.edu.ar\/index.php?rest_route=\/wp\/v2\/media\/12244"}],"wp:attachment":[{"href":"https:\/\/extension.unvm.edu.ar\/index.php?rest_route=%2Fwp%2Fv2%2Fmedia&parent=12239"}],"wp:term":[{"taxonomy":"category","embeddable":true,"href":"https:\/\/extension.unvm.edu.ar\/index.php?rest_route=%2Fwp%2Fv2%2Fcategories&post=12239"},{"taxonomy":"post_tag","embeddable":true,"href":"https:\/\/extension.unvm.edu.ar\/index.php?rest_route=%2Fwp%2Fv2%2Ftags&post=12239"}],"curies":[{"name":"wp","href":"https:\/\/api.w.org\/{rel}","templated":true}]}}