{"id":12120,"date":"2020-04-25T00:50:07","date_gmt":"2020-04-25T00:50:07","guid":{"rendered":"http:\/\/extension.unvm.edu.ar\/?p=12120"},"modified":"2020-05-28T00:50:22","modified_gmt":"2020-05-28T00:50:22","slug":"territorios-creativos-ciclo-de-conferencias-virtuales","status":"publish","type":"post","link":"https:\/\/extension.unvm.edu.ar\/?p=12120","title":{"rendered":"Territorios Creativos: Ciclo de Conferencias Virtuales"},"content":{"rendered":"<p><em>Se realizar\u00e1n diversos encuentros virtuales durante los pr\u00f3ximos meses, con diversas tem\u00e1ticcas relacionadas a las industrias culturales y creativas.<\/em><\/p>\n<p>\u201cTerritorios Creativos\u201d es un proyecto villamariense articulado entre la Universidad Nacional de Villa Mar\u00eda (UNVM) &#8211; a trav\u00e9s de los Institutos de Extensi\u00f3n y de Investigaci\u00f3n; la Municipalidad de Villa Mar\u00eda &#8211; a trav\u00e9s de la Secretar\u00eda de Educaci\u00f3n, Cultura y Promoci\u00f3n de la Ciencia; el Ente Regional para el Desarrollo (ENRED); la Asociaci\u00f3n de Empresarios Regi\u00f3n Centro Argentino (AERCA); y la Mesa de Industrias Creativas y Culturales de Villa Mar\u00eda (MICC).<\/p>\n<p>Se llevar\u00e1 a cabo, en los meses de mayo y junio, un ciclo de conferencias virtuales en torno a las industrias culturales y creativas para artistas, hacedores\/as y gestores\/as culturales de Villa Mar\u00eda y la regi\u00f3n. Las mismas ser\u00e1n de manera libre y gratuita, con inscripci\u00f3n previa, y se podr\u00e1 acceder desde a la plataforma Jitsi Meet.<\/p>\n<p><strong>Programaci\u00f3n:<\/strong><\/p>\n<p>4 de mayo \u2013 Conversatorio: Experiencias en el desarrollo de proyectos culturales\/art\u00edsticos. Se contar\u00e1n experiencias sobre proyectos ganadores de distintos subsidios. Los exponentes convocados representar\u00e1n a diferentes disciplinas art\u00edsticas: Mar\u00eda Gabriela Vera y Eric Muzart (audiovisual), Ramiro Chumy Chanqu\u00eda y Mauro Ad\u00e1n (teatro), Fernanda Quint\u00e1s (M\u00fasica) y Marcos Goymil (Artes Visuales).<\/p>\n<p>11 y 15 de mayo \u2013 Taller: Armado de proyectos culturales y art\u00edsticos. Dictado por Lic. Karina Costabello, apuntar\u00e1 a brindar herramientas y estrategias para el dise\u00f1o de un proyecto art\u00edstico o cultural, optimizando los tiempos y recursos disponibles. Se busca que los participantes del taller puedan elaborar la carpeta de su proyecto para poder llevarlo a la pr\u00e1ctica, buscar financiamiento y otros tipos de apoyo.<\/p>\n<p>22 de mayo \u2013 Taller: Modelado de negocios para proyectos de industrias creativas y culturales. Dictado por Juan Iturria, donde los participantes podr\u00e1n adquirir y aplicar herramientas de dise\u00f1o y gesti\u00f3n para la sustentabilidad de sus proyectos utilizando la metodolog\u00eda Canvas. Tambi\u00e9n se realizar\u00e1 una introducci\u00f3n a las metodolog\u00edas \u00e1giles para el desarrollo de negocios y su importancia para lograr la sustentabilidad.<\/p>\n<p>8 de junio \u2013 Capacitaci\u00f3n: Personer\u00eda Jur\u00eddica. Dictado por Abg. Virginia Ju\u00e1rez, donde se brindar\u00e1 informaci\u00f3n sobre c\u00f3mo crear, cuales son las funciones y utilidad que tienen las Asociaciones Civiles, Cooperativas, Sociedad por acciones simplificadas, el marco legal de cada una y sus diferencias.<\/p>\n<p>15 de junio &#8211; Capacitaci\u00f3n: Los Derechos de Propiedad Intelectual como potenciador de los territorios Creativos. Dictado por Lic. Ariel Giordano, sobre los derechos de propiedad intelectual art\u00edstica, derecho de autor, marcas, modelos y dise\u00f1os industriales, licencias de Creative Commons, nuevos desaf\u00edos de las creaciones art\u00edsticas, Inteligencia Artificial.<\/p>\n","protected":false},"excerpt":{"rendered":"<p>Se realizar\u00e1n diversos encuentros virtuales durante los pr\u00f3ximos meses, con diversas tem\u00e1ticcas relacionadas a las industrias culturales y creativas. \u201cTerritorios Creativos\u201d es un proyecto villamariense articulado entre la Universidad Nacional de Villa Mar\u00eda (UNVM) &#8211; a trav\u00e9s de los Institutos de Extensi\u00f3n y de Investigaci\u00f3n; la Municipalidad de Villa Mar\u00eda &#8211; a trav\u00e9s de la [&hellip;]<\/p>\n","protected":false},"author":12,"featured_media":12121,"comment_status":"closed","ping_status":"closed","sticky":false,"template":"","format":"standard","meta":{"_exactmetrics_skip_tracking":false,"_exactmetrics_sitenote_active":false,"_exactmetrics_sitenote_note":"","_exactmetrics_sitenote_category":0,"footnotes":""},"categories":[2],"tags":[],"class_list":["post-12120","post","type-post","status-publish","format-standard","has-post-thumbnail","hentry","category-novedades"],"_links":{"self":[{"href":"https:\/\/extension.unvm.edu.ar\/index.php?rest_route=\/wp\/v2\/posts\/12120"}],"collection":[{"href":"https:\/\/extension.unvm.edu.ar\/index.php?rest_route=\/wp\/v2\/posts"}],"about":[{"href":"https:\/\/extension.unvm.edu.ar\/index.php?rest_route=\/wp\/v2\/types\/post"}],"author":[{"embeddable":true,"href":"https:\/\/extension.unvm.edu.ar\/index.php?rest_route=\/wp\/v2\/users\/12"}],"replies":[{"embeddable":true,"href":"https:\/\/extension.unvm.edu.ar\/index.php?rest_route=%2Fwp%2Fv2%2Fcomments&post=12120"}],"version-history":[{"count":2,"href":"https:\/\/extension.unvm.edu.ar\/index.php?rest_route=\/wp\/v2\/posts\/12120\/revisions"}],"predecessor-version":[{"id":12124,"href":"https:\/\/extension.unvm.edu.ar\/index.php?rest_route=\/wp\/v2\/posts\/12120\/revisions\/12124"}],"wp:featuredmedia":[{"embeddable":true,"href":"https:\/\/extension.unvm.edu.ar\/index.php?rest_route=\/wp\/v2\/media\/12121"}],"wp:attachment":[{"href":"https:\/\/extension.unvm.edu.ar\/index.php?rest_route=%2Fwp%2Fv2%2Fmedia&parent=12120"}],"wp:term":[{"taxonomy":"category","embeddable":true,"href":"https:\/\/extension.unvm.edu.ar\/index.php?rest_route=%2Fwp%2Fv2%2Fcategories&post=12120"},{"taxonomy":"post_tag","embeddable":true,"href":"https:\/\/extension.unvm.edu.ar\/index.php?rest_route=%2Fwp%2Fv2%2Ftags&post=12120"}],"curies":[{"name":"wp","href":"https:\/\/api.w.org\/{rel}","templated":true}]}}