{"id":12033,"date":"2020-05-16T02:11:16","date_gmt":"2020-05-16T02:11:16","guid":{"rendered":"http:\/\/extension.unvm.edu.ar\/?p=12033"},"modified":"2020-05-16T02:47:22","modified_gmt":"2020-05-16T02:47:22","slug":"mesa-de-dialogo-ciudad-cultura-e-imaginacion","status":"publish","type":"post","link":"https:\/\/extension.unvm.edu.ar\/?p=12033","title":{"rendered":"Mesa de di\u00e1logo \u00abCiudad, Cultura e Imaginaci\u00f3n\u00bb"},"content":{"rendered":"<div align=\"justify\">\n<p><em>El Instituto de Extensi\u00f3n de la UNVM, estar\u00e1 representado a trav\u00e9s de su directora en un encuentro internacional online. El mismo ser\u00e1 el pr\u00f3ximo 18 de mayo, en el marco de la\u00a0celebraci\u00f3n del 479 Aniversario de la Ciudad de Morelia, Michoac\u00e1n.<\/em><\/p>\n<p>La directora del Instituto de Extensi\u00f3n, lic. Gabriela Redondo, fue invitada por la Secretar\u00eda de Cultura de Morelia y Punto Focal de Morelia Ciudad Creativa de la M\u00fasica de la UNCESCO, M\u00e9xico, a formar parte de una mesa de di\u00e1logo \u201cCiudad, Cultura e imaginaci\u00f3n\u201d.<\/p>\n<p>La misma tendr\u00e1 lugar el pr\u00f3ximo 18 de mayo, con un enfoque Latinoamericano, en el marco de la celebraci\u00f3n del 479 Aniversario de la Ciudad de Morelia, Michoac\u00e1n, en el contexto mundial por la pandemia del Covid-19.<\/p>\n<p>Cabe mencionar que, los temas que se abordar\u00e1n en dicho encuentro, est\u00e1n relacionados a los Derechos culturales y acceso a la cultura en los espacios p\u00fablicos y los nuevos formatos de interacci\u00f3n Cultural para eventos masivos. La moderadora ser\u00e1 la Secretaria de Cultura de Morelia, Cardiela Am\u00e9zcua.<\/p>\n<p>Como invitados, estar\u00e1 la Red mexicana de ciudades creativas de la UNESCO, Representante de la UNESCO en M\u00e9xico; Representante del British Council en M\u00e9xico; Representante del Centro Cultural Espa\u00f1a en M\u00e9xico; Cali, Colombia; Villa Mar\u00eda, Argentina; Asunci\u00f3n, Paraguay; Puerto Mont, regi\u00f3n de los Lagos, Chile; Festivales CdMx; Festivales Regi\u00f3n Centro Occidente, Instancias municipales, artistas, gestores, empresas culturales e industrias creativas.<\/p>\n<\/div>\n","protected":false},"excerpt":{"rendered":"<p>El Instituto de Extensi\u00f3n de la UNVM, estar\u00e1 representado a trav\u00e9s de su directora en un encuentro internacional online. El mismo ser\u00e1 el pr\u00f3ximo 18 de mayo, en el marco de la\u00a0celebraci\u00f3n del 479 Aniversario de la Ciudad de Morelia, Michoac\u00e1n. La directora del Instituto de Extensi\u00f3n, lic. Gabriela Redondo, fue invitada por la Secretar\u00eda [&hellip;]<\/p>\n","protected":false},"author":12,"featured_media":12038,"comment_status":"closed","ping_status":"closed","sticky":false,"template":"","format":"standard","meta":{"_exactmetrics_skip_tracking":false,"_exactmetrics_sitenote_active":false,"_exactmetrics_sitenote_note":"","_exactmetrics_sitenote_category":0,"footnotes":""},"categories":[2],"tags":[],"class_list":["post-12033","post","type-post","status-publish","format-standard","has-post-thumbnail","hentry","category-novedades"],"_links":{"self":[{"href":"https:\/\/extension.unvm.edu.ar\/index.php?rest_route=\/wp\/v2\/posts\/12033"}],"collection":[{"href":"https:\/\/extension.unvm.edu.ar\/index.php?rest_route=\/wp\/v2\/posts"}],"about":[{"href":"https:\/\/extension.unvm.edu.ar\/index.php?rest_route=\/wp\/v2\/types\/post"}],"author":[{"embeddable":true,"href":"https:\/\/extension.unvm.edu.ar\/index.php?rest_route=\/wp\/v2\/users\/12"}],"replies":[{"embeddable":true,"href":"https:\/\/extension.unvm.edu.ar\/index.php?rest_route=%2Fwp%2Fv2%2Fcomments&post=12033"}],"version-history":[{"count":5,"href":"https:\/\/extension.unvm.edu.ar\/index.php?rest_route=\/wp\/v2\/posts\/12033\/revisions"}],"predecessor-version":[{"id":12040,"href":"https:\/\/extension.unvm.edu.ar\/index.php?rest_route=\/wp\/v2\/posts\/12033\/revisions\/12040"}],"wp:featuredmedia":[{"embeddable":true,"href":"https:\/\/extension.unvm.edu.ar\/index.php?rest_route=\/wp\/v2\/media\/12038"}],"wp:attachment":[{"href":"https:\/\/extension.unvm.edu.ar\/index.php?rest_route=%2Fwp%2Fv2%2Fmedia&parent=12033"}],"wp:term":[{"taxonomy":"category","embeddable":true,"href":"https:\/\/extension.unvm.edu.ar\/index.php?rest_route=%2Fwp%2Fv2%2Fcategories&post=12033"},{"taxonomy":"post_tag","embeddable":true,"href":"https:\/\/extension.unvm.edu.ar\/index.php?rest_route=%2Fwp%2Fv2%2Ftags&post=12033"}],"curies":[{"name":"wp","href":"https:\/\/api.w.org\/{rel}","templated":true}]}}