{"id":11658,"date":"2020-05-02T19:05:48","date_gmt":"2020-05-02T19:05:48","guid":{"rendered":"http:\/\/extension.unvm.edu.ar\/?p=11658"},"modified":"2020-05-02T19:05:48","modified_gmt":"2020-05-02T19:05:48","slug":"el-peuam-tendra-su-grupo-en-facebook","status":"publish","type":"post","link":"https:\/\/extension.unvm.edu.ar\/?p=11658","title":{"rendered":"El PEUAM tendr\u00e1 su grupo en Facebook"},"content":{"rendered":"<div align=\"justify\">\n<p><em>Desde el Instituto de Extensi\u00f3n, a partir del 4 de mayo, empezar\u00e1 a funcionar un grupo en Facebook, destinado a personas mayores de 60 a\u00f1os, que buscan compartir actividades educativas, sociales y culturales.<\/em><\/p>\n<p>Actualmente, debido al avance del COVID-19 y sus particularidades y, por lo que el gobierno nacional ha tomado un conjunto de medidas para el cuidado de su poblaci\u00f3n, incluyendo un aislamiento social, preventivo y obligatorio, se propone el proyecto \u201cPEUAM en casa\u201d, que responde a la necesidad de adecuar significativamente las propuestas originales y consolidar acciones centradas en la atenci\u00f3n de las personas mayores y sus derechos.<\/p>\n<p>Cabe aclarar que, PEUAM en casa, es un grupo de Facebook, cuyas responsables son Ver\u00f3nica Mart\u00ednez y Tamara Lan\u00fas, representantes del Programa de Extensi\u00f3n Universitaria para Adultos Mayores (PEUAM), del Instituto de Extensi\u00f3n de la Universidad Nacional Villa Mar\u00eda (UNVM). Esta iniciativa comenzar\u00e1 a funcionar el 4 de mayo y es la continuidad del ciclo de videos \u201cEl PEUAM en casa\u201d que se difundi\u00f3 por las redes sociales del Instituto.<\/p>\n<p>El proyecto est\u00e1 destinado a personas mayores de 60 a\u00f1os, que buscan compartir y realizar actividades educativas, sociales, culturales y recreativas. Adem\u00e1s, es un espacio para promocionar y prevenir, en t\u00e9rminos integrales de salud, y favorecer la continuidad de la ense\u00f1anza permanente y un envejecimiento activo. No se intenta suplantar las actividades pensadas en la presencialidad, sino ofrecer acciones tendientes a sostener el lazo social y al programa como un espacio vivo.<\/p>\n<p>En momentos de emergencia sanitaria, el escenario social se ha modificado, y adecuar las propuestas que se necesitan para trabajar en estos tiempos de aislamiento e incertidumbre desigual para las vejeces, obliga a desarrollar pr\u00e1cticas educativas recreativas y culturales a trav\u00e9s de recursos virtuales.<\/p>\n<p>Es importante mencionar que, en el grupo participar\u00e1n adultas\/os mayores, como as\u00ed tambi\u00e9n profesoras\/es de los distintos talleres que abarca el programa. Esta experiencia, constituye un espacio de aprendizaje particular, proponiendo un trabajo en equipo entre quienes est\u00e1n a cargo de los talleres, la coordinaci\u00f3n del programa y las distintas \u00e1reas tanto de Extensi\u00f3n Universitaria, como as\u00ed tambi\u00e9n de la comunidad universitaria en su totalidad.<\/p>\n<p>De este modo, el proyecto pretende darles continuidad a las proyecciones te\u00f3rico-pr\u00e1cticas previstas y extender el alcance del programa a otros sectores de la poblaci\u00f3n.<\/p>\n<p>Por \u00faltimo, cabe aclarar que el proyecto est\u00e1 articulado con el \u00e1rea de Formaci\u00f3n Continua, el \u00e1rea de Comunicaci\u00f3n, Elencos Estables, en particular con CORAM, del Instituto de Extensi\u00f3n. Adem\u00e1s, con las Secretar\u00edas de Investigaci\u00f3n y Extensi\u00f3n de los tres Institutos Acad\u00e9micos Pedag\u00f3gicos de la UNVM y con la comunidad universitaria y no universitaria.<\/p>\n<p>Cronograma de actividades:<\/p>\n<div class='avia-image-container  av-styling-    avia-align-center '  itemprop=\"ImageObject\" itemscope=\"itemscope\" itemtype=\"https:\/\/schema.org\/ImageObject\"  ><div class='avia-image-container-inner'><div class='avia-image-overlay-wrap'><img class='avia_image ' src='https:\/\/extension.unvm.edu.ar\/wp-content\/uploads\/2020\/05\/cronograma-peuam-300x102.png' alt='' title='cronograma peuam' height=\"102\"width=\"300\"  itemprop=\"thumbnailUrl\"  \/><\/div><\/div><\/div><\/div>\n","protected":false},"excerpt":{"rendered":"<p>Desde el Instituto de Extensi\u00f3n, a partir del 4 de mayo, empezar\u00e1 a funcionar un grupo en Facebook, destinado a personas mayores de 60 a\u00f1os, que buscan compartir actividades educativas, sociales y culturales. Actualmente, debido al avance del COVID-19 y sus particularidades y, por lo que el gobierno nacional ha tomado un conjunto de medidas [&hellip;]<\/p>\n","protected":false},"author":12,"featured_media":11665,"comment_status":"closed","ping_status":"closed","sticky":false,"template":"","format":"standard","meta":{"_exactmetrics_skip_tracking":false,"_exactmetrics_sitenote_active":false,"_exactmetrics_sitenote_note":"","_exactmetrics_sitenote_category":0,"footnotes":""},"categories":[2],"tags":[],"class_list":["post-11658","post","type-post","status-publish","format-standard","has-post-thumbnail","hentry","category-novedades"],"_links":{"self":[{"href":"https:\/\/extension.unvm.edu.ar\/index.php?rest_route=\/wp\/v2\/posts\/11658"}],"collection":[{"href":"https:\/\/extension.unvm.edu.ar\/index.php?rest_route=\/wp\/v2\/posts"}],"about":[{"href":"https:\/\/extension.unvm.edu.ar\/index.php?rest_route=\/wp\/v2\/types\/post"}],"author":[{"embeddable":true,"href":"https:\/\/extension.unvm.edu.ar\/index.php?rest_route=\/wp\/v2\/users\/12"}],"replies":[{"embeddable":true,"href":"https:\/\/extension.unvm.edu.ar\/index.php?rest_route=%2Fwp%2Fv2%2Fcomments&post=11658"}],"version-history":[{"count":5,"href":"https:\/\/extension.unvm.edu.ar\/index.php?rest_route=\/wp\/v2\/posts\/11658\/revisions"}],"predecessor-version":[{"id":11944,"href":"https:\/\/extension.unvm.edu.ar\/index.php?rest_route=\/wp\/v2\/posts\/11658\/revisions\/11944"}],"wp:featuredmedia":[{"embeddable":true,"href":"https:\/\/extension.unvm.edu.ar\/index.php?rest_route=\/wp\/v2\/media\/11665"}],"wp:attachment":[{"href":"https:\/\/extension.unvm.edu.ar\/index.php?rest_route=%2Fwp%2Fv2%2Fmedia&parent=11658"}],"wp:term":[{"taxonomy":"category","embeddable":true,"href":"https:\/\/extension.unvm.edu.ar\/index.php?rest_route=%2Fwp%2Fv2%2Fcategories&post=11658"},{"taxonomy":"post_tag","embeddable":true,"href":"https:\/\/extension.unvm.edu.ar\/index.php?rest_route=%2Fwp%2Fv2%2Ftags&post=11658"}],"curies":[{"name":"wp","href":"https:\/\/api.w.org\/{rel}","templated":true}]}}